{"id":336209,"date":"2025-08-22T12:51:12","date_gmt":"2025-08-22T12:51:12","guid":{"rendered":"https:\/\/www.europesays.com\/fr\/336209\/"},"modified":"2025-08-22T12:51:12","modified_gmt":"2025-08-22T12:51:12","slug":"le-stade-toulousain-devoile-un-maillot-rendant-hommage-a-lepopee-de-la-saison-1985-1986","status":"publish","type":"post","link":"https:\/\/www.europesays.com\/fr\/336209\/","title":{"rendered":"le Stade Toulousain d\u00e9voile un maillot rendant hommage \u00e0 l\u2019\u00e9pop\u00e9e de la saison 1985-1986"},"content":{"rendered":"<p>Le Stade Toulousain a d\u00e9voil\u00e9 sa nouvelle tunique. Elle rend hommage aux champions de France 1986 et fait la part belle \u00e0 plusieurs de ses anciens joueurs.<\/p>\n<p class=\"fig-paragraph\">Un bel hommage.\u00a0<a href=\"http:\/\/www.lefigaro.fr\/sports\/rugby\/top-14\/top-14-romain-ntamack-a-deja-repris-l-entrainement-avec-le-stade-toulousain-20250819\" data-fig-type=\"NewsFlash\" data-gtm-custom-categorie=\"navigation\" data-gtm-custom-action=\"crossclick\" data-gtm-custom-label=\"Contextuel\" data-gtm-event=\"customEventSPE\" data-fig-domain=\"LEFIGARO\" target=\"_blank\" rel=\"noopener\">Le Stade Toulousain<\/a>\u00a0a lev\u00e9 le voile sur la nouvelle tunique que porteront ses joueurs cette saison. Ce maillot ray\u00e9 rouge et noir, fait r\u00e9f\u00e9rence au sacre du club en 1986. Les Haut-Garonnais avaient\u00a0<a href=\"https:\/\/www.lefigaro.fr\/sports\/rugby\/live\/top-14\/2025\/943360\/toulouse-bordeaux-begles\" data-fig-type=\"Live\" data-gtm-custom-categorie=\"navigation\" data-gtm-custom-action=\"crossclick\" data-gtm-custom-label=\"Contextuel\" data-gtm-event=\"customEventSPE\" data-fig-domain=\"LEFIGARO\" target=\"_blank\" rel=\"noopener\">soulev\u00e9 le Bouclier de Brennus<\/a>\u00a0apr\u00e8s de longues ann\u00e9es de disette.<\/p>\n<p class=\"fig-paragraph\">Le Stade Toulousain a choisi de d\u00e9voiler ce nouveau maillot en affichant trois joueurs actuels\u00a0: Thomas Ramos, Anthony Jelonch et Pita Ahki avec autant de l\u00e9gendes du club, ayant particip\u00e9 \u00e0 l\u2019\u00e9pop\u00e9e de 1986, parmi eux, Erik Bonneval et Denis Charvet.<\/p>\n<p>                                    <a class=\"fig-a11y-skip a11y-hidden\" href=\"#fig-a11y-skip-main-inarticle\"><br \/>\n        Passer la publicit\u00e9<br \/>\n    <\/a><\/p>\n<p>Deux semaines avant le d\u00e9but du championnat<\/p>\n<p class=\"fig-paragraph\">Les joueurs d\u2019Ugo Mola se sont inclin\u00e9s en match de pr\u00e9paration jeudi contre Vannes (33-28). Les Toulousains porteront cette tunique sp\u00e9ciale pour la premi\u00e8re fois le 7 septembre prochain \u00e0 l\u2019occasion de l\u2019ouverture de la nouvelle saison de TOP 14 face \u00e0 Clermont.<\/p>\n","protected":false},"excerpt":{"rendered":"Le Stade Toulousain a d\u00e9voil\u00e9 sa nouvelle tunique. Elle rend hommage aux champions de France 1986 et fait&hellip;\n","protected":false},"author":2,"featured_media":336210,"comment_status":"","ping_status":"","sticky":false,"template":"","format":"standard","meta":{"footnotes":""},"categories":[1416],"tags":[514,1011,27,479,1468,60,476],"class_list":{"0":"post-336209","1":"post","2":"type-post","3":"status-publish","4":"format-standard","5":"has-post-thumbnail","7":"category-rugby","8":"tag-antoine-dupont","9":"tag-fr","10":"tag-france","11":"tag-rugby","12":"tag-rugby-football","13":"tag-sports","14":"tag-stade-toulousain"},"share_on_mastodon":{"url":"https:\/\/pubeurope.com\/@fr\/115072511845186536","error":""},"_links":{"self":[{"href":"https:\/\/www.europesays.com\/fr\/wp-json\/wp\/v2\/posts\/336209","targetHints":{"allow":["GET"]}}],"collection":[{"href":"https:\/\/www.europesays.com\/fr\/wp-json\/wp\/v2\/posts"}],"about":[{"href":"https:\/\/www.europesays.com\/fr\/wp-json\/wp\/v2\/types\/post"}],"author":[{"embeddable":true,"href":"https:\/\/www.europesays.com\/fr\/wp-json\/wp\/v2\/users\/2"}],"replies":[{"embeddable":true,"href":"https:\/\/www.europesays.com\/fr\/wp-json\/wp\/v2\/comments?post=336209"}],"version-history":[{"count":0,"href":"https:\/\/www.europesays.com\/fr\/wp-json\/wp\/v2\/posts\/336209\/revisions"}],"wp:featuredmedia":[{"embeddable":true,"href":"https:\/\/www.europesays.com\/fr\/wp-json\/wp\/v2\/media\/336210"}],"wp:attachment":[{"href":"https:\/\/www.europesays.com\/fr\/wp-json\/wp\/v2\/media?parent=336209"}],"wp:term":[{"taxonomy":"category","embeddable":true,"href":"https:\/\/www.europesays.com\/fr\/wp-json\/wp\/v2\/categories?post=336209"},{"taxonomy":"post_tag","embeddable":true,"href":"https:\/\/www.europesays.com\/fr\/wp-json\/wp\/v2\/tags?post=336209"}],"curies":[{"name":"wp","href":"https:\/\/api.w.org\/{rel}","templated":true}]}}