{"id":336215,"date":"2025-08-22T12:55:15","date_gmt":"2025-08-22T12:55:15","guid":{"rendered":"https:\/\/www.europesays.com\/fr\/336215\/"},"modified":"2025-08-22T12:55:15","modified_gmt":"2025-08-22T12:55:15","slug":"uefa-mafia-les-supporters-de-crystal-palace-enragent-toujours-contre-textor-et-les-instances","status":"publish","type":"post","link":"https:\/\/www.europesays.com\/fr\/336215\/","title":{"rendered":"\u00abUEFA mafia\u00bb, les supporters de Crystal palace enragent toujours contre Textor et les instances"},"content":{"rendered":"<p>Les supporters de Crystal Palace ont insult\u00e9 Jonh Textor et mis en cause l\u2019honn\u00eatet\u00e9 de l\u2019UEFA en marge du barrage aller de Ligue Conf\u00e9rence contre les Norv\u00e9giens de Fredrikstad.<\/p>\n<p class=\"fig-paragraph\">Les semaines passent mais la ranc\u0153ur est toujours la m\u00eame. Pendant que leur club \u00e9tait en train de s\u2019imposer \u00e0 l\u2019occasion du barrage aller de\u00a0<a href=\"http:\/\/www.lefigaro.fr\/sports\/football\/ligue-conference-strasbourg-bute-sur-broendby-et-devra-aller-chercher-sa-qualification-au-danemark-20250821\" data-fig-type=\"NewsFlash\" data-gtm-custom-categorie=\"navigation\" data-gtm-custom-action=\"crossclick\" data-gtm-custom-label=\"Contextuel\" data-gtm-event=\"customEventSPE\" data-fig-domain=\"LEFIGARO\" target=\"_blank\" rel=\"noopener\">Ligue Conf\u00e9rence<\/a>\u00a0contre les Norv\u00e9giens de Fredrikstad, les supporters de Crystal palace s\u2019en sont pris \u00e0 l\u2019UEFA et \u00e0\u00a0<a href=\"http:\/\/www.lefigaro.fr\/sports\/football\/foot-le-botafogo-de-john-textor-elimine-des-les-8es-en-copa-libertadores-20250822\" data-fig-type=\"NewsFlash\" data-gtm-custom-categorie=\"navigation\" data-gtm-custom-action=\"crossclick\" data-gtm-custom-label=\"Contextuel\" data-gtm-event=\"customEventSPE\" data-fig-domain=\"LEFIGARO\" target=\"_blank\" rel=\"noopener\">John Textor<\/a>.<\/p>\n<p class=\"fig-paragraph\">L\u2019ancien pr\u00e9sident de l\u2019OL d\u00e9tenait jusqu\u2019\u00e0 peu des parts dans le club anglais avant de les c\u00e9der&#8230; trop tard puisque Crystal Palace a \u00e9t\u00e9 r\u00e9trograd\u00e9 en Ligue conf\u00e9rence, eux qui devaient \u00e0 l\u2019origine jouer la Ligue Europa, comme les Gones. Le r\u00e8glement du foot europ\u00e9en interdit \u00e0 deux clubs d\u00e9tenus (bien qu\u2019en partie) par le m\u00eame propri\u00e9taire de jouer une comp\u00e9tition similaire.<\/p>\n<p>                                    <a class=\"fig-a11y-skip a11y-hidden\" href=\"#fig-a11y-skip-main-inarticle\"><br \/>\n        Passer la publicit\u00e9<br \/>\n    <\/a><\/p>\n<p>\u00abF*ck UEFA\u00a0! F*ck Textor\u00a0!\u00bb<\/p>\n<p class=\"fig-paragraph\">Les fans des Eagles ont donc entonn\u00e9 des chants insultant \u00e0 l\u2019encontre de l\u2019homme d\u2019affaires am\u00e9ricain\u00a0: \u00abF*ck UEFA! F*ck Textor! F*ck Marinakis!\u00bb. Ev\u00e1ngelos Marin\u00e1kis, propri\u00e9taire de Nottingham Forest, qui a pris la place de Crystal Palace en Ligue Europa, en a aussi pris pour son grade. Une pancarte orn\u00e9e du slogan \u00abUEFA mafia\u00bb a \u00e9galement \u00e9t\u00e9 d\u00e9ploy\u00e9e.<\/p>\n<p class=\"fig-paragraph\">Cet agacement g\u00e9n\u00e9ralis\u00e9 n\u2019a pas emp\u00each\u00e9 les joueurs d\u2019Oliver Glasner de s\u2019imposer 1 but \u00e0 0 \u00e0 domicile et ce sans leur joueur phare Eberechi Eze, en partance pour Arsenal. Le match retour aura lieu la semaine prochaine en Norv\u00e8ge. D\u2019ici l\u00e0, Crystal Palace pourrait bien \u00eatre sanctionn\u00e9 par l\u2019UEFA pour ces messages.<\/p>\n","protected":false},"excerpt":{"rendered":"Les supporters de Crystal Palace ont insult\u00e9 Jonh Textor et mis en cause l\u2019honn\u00eatet\u00e9 de l\u2019UEFA en marge&hellip;\n","protected":false},"author":2,"featured_media":336216,"comment_status":"","ping_status":"","sticky":false,"template":"","format":"standard","meta":{"footnotes":""},"categories":[1412],"tags":[1451,1452,1453,1454,1455,1011,27,12428,60,455],"class_list":{"0":"post-336215","1":"post","2":"type-post","3":"status-publish","4":"format-standard","5":"has-post-thumbnail","7":"category-f1","8":"tag-f1","9":"tag-formula-1","10":"tag-formula1","11":"tag-formule-1","12":"tag-formule1","13":"tag-fr","14":"tag-france","15":"tag-john-textor","16":"tag-sports","17":"tag-uefa"},"share_on_mastodon":{"url":"https:\/\/pubeurope.com\/@fr\/115072527458826848","error":""},"_links":{"self":[{"href":"https:\/\/www.europesays.com\/fr\/wp-json\/wp\/v2\/posts\/336215","targetHints":{"allow":["GET"]}}],"collection":[{"href":"https:\/\/www.europesays.com\/fr\/wp-json\/wp\/v2\/posts"}],"about":[{"href":"https:\/\/www.europesays.com\/fr\/wp-json\/wp\/v2\/types\/post"}],"author":[{"embeddable":true,"href":"https:\/\/www.europesays.com\/fr\/wp-json\/wp\/v2\/users\/2"}],"replies":[{"embeddable":true,"href":"https:\/\/www.europesays.com\/fr\/wp-json\/wp\/v2\/comments?post=336215"}],"version-history":[{"count":0,"href":"https:\/\/www.europesays.com\/fr\/wp-json\/wp\/v2\/posts\/336215\/revisions"}],"wp:featuredmedia":[{"embeddable":true,"href":"https:\/\/www.europesays.com\/fr\/wp-json\/wp\/v2\/media\/336216"}],"wp:attachment":[{"href":"https:\/\/www.europesays.com\/fr\/wp-json\/wp\/v2\/media?parent=336215"}],"wp:term":[{"taxonomy":"category","embeddable":true,"href":"https:\/\/www.europesays.com\/fr\/wp-json\/wp\/v2\/categories?post=336215"},{"taxonomy":"post_tag","embeddable":true,"href":"https:\/\/www.europesays.com\/fr\/wp-json\/wp\/v2\/tags?post=336215"}],"curies":[{"name":"wp","href":"https:\/\/api.w.org\/{rel}","templated":true}]}}