{"id":336217,"date":"2025-08-22T12:56:12","date_gmt":"2025-08-22T12:56:12","guid":{"rendered":"https:\/\/www.europesays.com\/fr\/336217\/"},"modified":"2025-08-22T12:56:12","modified_gmt":"2025-08-22T12:56:12","slug":"comment-fonctionne-le-systeme-de-bonifications-sur-la-vuelta-lequipe","status":"publish","type":"post","link":"https:\/\/www.europesays.com\/fr\/336217\/","title":{"rendered":"Comment fonctionne le syst\u00e8me de bonifications sur la Vuelta &#8211; L&#039;\u00c9quipe"},"content":{"rendered":"<ol>\n<li><a href=\"https:\/\/news.google.com\/rss\/articles\/CBMivgFBVV95cUxNNFVtRmVtU0treHhib0RKZHZnaE9DbmJWWnhxdkJOZ1AzRl9RU2xvZkpGRmhjLXRwNW1EMVZjZ21kTk5hbWVGQ1N0eHNWT3NBQ0d2bUpvNEpETFpUd0ttY2JRVmxlaTdudUNWVm5LNHJnMVRFcDRLTDZYWWxmLUVYOUJZVHU3VTNNYzVjeVkxNEtjbEVqakhYMjZPZ0hnVEYwR2w4VFNvNS1pSEt4WHJIT3VoRWY3d2lzWmQ5eEx3?oc=5\" target=\"_blank\" rel=\"nofollow noopener\">Comment fonctionne le syst\u00e8me de bonifications sur la Vuelta<\/a>&nbsp;&nbsp;L&rsquo;\u00c9quipe<\/li>\n<li><a href=\"https:\/\/news.google.com\/rss\/articles\/CBMimgJBVV95cUxPNkVZRnFzVGZBZndBS1lBTEdVYkJDM3BZZERSTndOc0QzU1hIMkpHenJ1NHU1UHBYaHJiS1RWRVp2cU9lTTBRNW5YT210UXNldUswMGJwOFhPelFYekx3MFFubWlTRXF5WVdHMkRXQkVjTVFtb3lBcTlQcG5uWlRzM2NfZl9EQWpCWmRUQ0VtOV9sM1Q3b0Nudnhjd3J0YnhOZVU1ZHg2ZFRtd3l2eE4tdGNGRWg4b0JLbXU5U2h2Ti1HUV9rMUY4MTZIWWY4elNwT3VaZXZ1WUN6VG5TXzhYMndZVWE5bTlMcXEtWjdRMWp0Q2VJUWtnWXBMaC01ckxFTW1ZMTV4NGlSTEg2QlM0OWE0UFh3ZzVQdlE?oc=5\" target=\"_blank\" rel=\"nofollow noopener\">Montagne, arriv\u00e9es au sommet\u2026 : pourquoi la Vuelta ne change pas<\/a>&nbsp;&nbsp;Eurosport<\/li>\n<li><a href=\"https:\/\/news.google.com\/rss\/articles\/CBMixwFBVV95cUxNQXVCdWZPSGEzb2NuTDJLSm9pQ1dKZkh6d25QenNPS3l2RmZkU1Myamp1cklId2dSYmNZbldHRXMtbDB3VVgyczdJbG9jSzFrTzEzR2V6dDVCakpHZ3FFOG5tSndSNHdyYUZfbHV1Qk5IOHNnY0lNT2ktdE9DZExTYmpjaWxiQjNpLXpkQ05LVHV1WWJ6TDVqS2F6MlEyZUdlS0lXZlV5dU1XWE8zME50V0p6ek9DRktQTFVpaU9LeHBRNVVFdXVR?oc=5\" target=\"_blank\" rel=\"nofollow noopener\">Jonas Vingegaard, Joao Almeida, Juan Ayuso&#8230; Nos favoris de la Vuelta 2025<\/a>&nbsp;&nbsp;L&rsquo;\u00c9quipe<\/li>\n<li><a href=\"https:\/\/news.google.com\/rss\/articles\/CBMitwFBVV95cUxNZXdqTHA0M1AtR1RNR1RuWk5Ub2VkVWd4LTVCWjM1R1FiMzNrMWFKTGhvMi11UllKOFd6NkFfYjFwWHZCaldzMDY3MmRUNDdZcElMMGFpU3hBYkZiSEJGOUtXVTlQRTJGaVhDSFliUmp1YjE3QWVna2NtZTZNZnlIZUFSQXFlNVV3VThNbU5tcWMzZjViMGVlVXRvY2d2Q01kUzBEQjQwTUpYb1pheFgwQUYxOU1YQ2_SAbwBQVVfeXFMUEZOUEFXVHpXSDRoVU1vX3l2NWVJUDVsb1lHaFU2dTlDSGd4a3dsTkM5OTY5VlhSbS1CSjBpWlBwTkZuUFRkRjJTRXJUa1NfMDZiejlwOFo2MlZTVnBPcTFuQ1BmSXlLdWR0b3pMMUVYemM1RHhXRzVYeWpfSm04MkJnSmJYTmRyZm5OWmFfdVcwTWdJZl9MVmM2V29PWjVxaDBpTWZhOU9CdDdjZlVMMUJRYmhBZ2hvbi1Bck0?oc=5\" target=\"_blank\" rel=\"nofollow noopener\">Vuelta 2025 : Favoris, parcours, Fran\u00e7ais en lice&#8230; les informations \u00e0 savoir avant le Grand D\u00e9part<\/a>&nbsp;&nbsp;CNews<\/li>\n<li><a href=\"https:\/\/news.google.com\/rss\/articles\/CBMipgFBVV95cUxPajRTX0pscWpWMHk5V2hlTjg5blJfN1dEWVBRTG0wbmt5VFhIS3ZPV2RyTTljVzhZOFFsZW5LMTdLQURhNXY2c0toeEsyMnhfSG9oQU1SOEJtdDN5MWNFSHhWT0k2WEx2TkdqLVAzRXJaV25WbUNuTzNOb0lXWW94aVEzTlpWNHFtazBNNW13NFpEWWJUM3NsOER5SWhtQ1NPRnNjZHhR?oc=5\" target=\"_blank\" rel=\"nofollow noopener\">Jonas Vingegaard, la Vuelta comme revanche<\/a>&nbsp;&nbsp;beIN SPORTS<\/li>\n<\/ol>\n","protected":false},"excerpt":{"rendered":"Comment fonctionne le syst\u00e8me de bonifications sur la Vuelta&nbsp;&nbsp;L&rsquo;\u00c9quipe Montagne, arriv\u00e9es au sommet\u2026 : pourquoi la Vuelta ne&hellip;\n","protected":false},"author":2,"featured_media":336218,"comment_status":"","ping_status":"","sticky":false,"template":"","format":"standard","meta":{"footnotes":""},"categories":[1411],"tags":[1154,207,1011,27,60],"class_list":{"0":"post-336217","1":"post","2":"type-post","3":"status-publish","4":"format-standard","5":"has-post-thumbnail","7":"category-cyclisme","8":"tag-cycling","9":"tag-cyclisme","10":"tag-fr","11":"tag-france","12":"tag-sports"},"share_on_mastodon":{"url":"https:\/\/pubeurope.com\/@fr\/115072531457814922","error":""},"_links":{"self":[{"href":"https:\/\/www.europesays.com\/fr\/wp-json\/wp\/v2\/posts\/336217","targetHints":{"allow":["GET"]}}],"collection":[{"href":"https:\/\/www.europesays.com\/fr\/wp-json\/wp\/v2\/posts"}],"about":[{"href":"https:\/\/www.europesays.com\/fr\/wp-json\/wp\/v2\/types\/post"}],"author":[{"embeddable":true,"href":"https:\/\/www.europesays.com\/fr\/wp-json\/wp\/v2\/users\/2"}],"replies":[{"embeddable":true,"href":"https:\/\/www.europesays.com\/fr\/wp-json\/wp\/v2\/comments?post=336217"}],"version-history":[{"count":0,"href":"https:\/\/www.europesays.com\/fr\/wp-json\/wp\/v2\/posts\/336217\/revisions"}],"wp:featuredmedia":[{"embeddable":true,"href":"https:\/\/www.europesays.com\/fr\/wp-json\/wp\/v2\/media\/336218"}],"wp:attachment":[{"href":"https:\/\/www.europesays.com\/fr\/wp-json\/wp\/v2\/media?parent=336217"}],"wp:term":[{"taxonomy":"category","embeddable":true,"href":"https:\/\/www.europesays.com\/fr\/wp-json\/wp\/v2\/categories?post=336217"},{"taxonomy":"post_tag","embeddable":true,"href":"https:\/\/www.europesays.com\/fr\/wp-json\/wp\/v2\/tags?post=336217"}],"curies":[{"name":"wp","href":"https:\/\/api.w.org\/{rel}","templated":true}]}}