{"id":336219,"date":"2025-08-22T12:57:09","date_gmt":"2025-08-22T12:57:09","guid":{"rendered":"https:\/\/www.europesays.com\/fr\/336219\/"},"modified":"2025-08-22T12:57:09","modified_gmt":"2025-08-22T12:57:09","slug":"latletico-de-madrid-veut-encore-recruter-du-lourd","status":"publish","type":"post","link":"https:\/\/www.europesays.com\/fr\/336219\/","title":{"rendered":"L\u2019Atl\u00e9tico de Madrid veut encore recruter du lourd !"},"content":{"rendered":"<p>C\u2019est un renouvellement d\u2019effectif \u00e9norme qu\u2019est en train de mener \u00e0 bien l\u2019Atl\u00e9tico de Madrid. Cet \u00e9t\u00e9 encore, <a href=\"https:\/\/www.footmercato.net\/a7172429469115842117-lete-dingue-de-latletico-de-madrid-pour-rivaliser-avec-le-fc-barcelone-et-le-real-madrid\" rel=\"nofollow noopener\" target=\"_blank\">les dirigeants colchoneros n\u2019ont pas h\u00e9sit\u00e9 \u00e0 mettre la main \u00e0 la poche<\/a> pour renforcer l\u2019\u00e9quipe de Diego Simeone. Au total, sept nouveaux joueurs sont arriv\u00e9s en terres madril\u00e8nes lors de ce march\u00e9 : David Hancko, Matteo Ruggeri, Marc Pubill, Thiago Almada, Johnny Cardoso, Alex Baena et Giacomo Raspadori. Un investissement qui s\u2019approche des 200 millions d\u2019euros, avec un objectif clair : gagner au moins un titre cette saison.<\/p>\n<p>            La suite apr\u00e8s cette publicit\u00e9<\/p>\n<p>M\u00eame si la saison a plut\u00f4t mal d\u00e9marr\u00e9, <a href=\"https:\/\/www.footmercato.net\/a2148572487982362130-liga-latletico-de-madrid-rate-sa-rentree-des-classes-a-lespanyol\" rel=\"nofollow noopener\" target=\"_blank\">avec une d\u00e9faite 2-1 face \u00e0 l\u2019Espanyol<\/a> pendant que le Real Madrid et le FC Barcelone eux ont pris les trois points dans leur match respectif, les ambitions restent l\u00e0 et la direction pourrait continuer ses emplettes. Comme l\u2019indiquent divers m\u00e9dias, les Colchoneros foncent par exemple sur Nico Gonzalez, l\u2019ailier argentin de la Juventus.<\/p>\n<p>        Simeone a demand\u00e9 du renfort<\/p>\n<p>La Gazzetta dello Sport indique m\u00eame qu\u2019un accord a \u00e9t\u00e9 trouv\u00e9 entre l\u2019international argentin de 27 ans et l\u2019Atl\u00e9tico de Madrid. Reste d\u00e9sormais \u00e0 convaincre la Juventus, qui exige un montant entre 25 et 30 millions d\u2019euros pour son joueur, alors que les Colchoneros ne veulent pas d\u00e9passer les 15 millions d\u2019euros pour le moment. Nahuel Molina, le lat\u00e9ral argentin des Rojiblancos, pourrait entrer dans l\u2019op\u00e9ration pour faire baisser ce prix.<\/p>\n<p>            La suite apr\u00e8s cette publicit\u00e9<\/p>\n<p>Le nom de Takefusa Kubo, la star japonaise de la Real Sociedad, est aussi mentionn\u00e9 tr\u00e8s r\u00e9guli\u00e8rement ces derni\u00e8res heures dans les m\u00e9dias espagnols comme Marca. Kang-in Lee, le milieu de terrain cor\u00e9en du Paris Saint-Germain, conserve une belle cote aupr\u00e8s des Colchoneros qui le suivaient d\u00e9j\u00e0 par le pass\u00e9, et ils pourraient venir toquer \u00e0 la porte du PSG. C\u2019est donc principalement dans le secteur offensif que les Madril\u00e8nes devraient recruter, secteur que le Cholo souhaite encore renforcer et il l\u2019a fait savoir \u00e0 sa direction. Affaire(s) \u00e0 suivre.<\/p>\n<p>\n    Pub. le 21\/08\/2025 22:00<br \/>\n            &#8211; MAJ le 22\/08\/2025 13:11\n    <\/p>\n","protected":false},"excerpt":{"rendered":"C\u2019est un renouvellement d\u2019effectif \u00e9norme qu\u2019est en train de mener \u00e0 bien l\u2019Atl\u00e9tico de Madrid. Cet \u00e9t\u00e9 encore,&hellip;\n","protected":false},"author":2,"featured_media":336220,"comment_status":"","ping_status":"","sticky":false,"template":"","format":"standard","meta":{"footnotes":""},"categories":[1410],"tags":[63,1011,27,60],"class_list":{"0":"post-336219","1":"post","2":"type-post","3":"status-publish","4":"format-standard","5":"has-post-thumbnail","7":"category-football","8":"tag-football","9":"tag-fr","10":"tag-france","11":"tag-sports"},"share_on_mastodon":{"url":"https:\/\/pubeurope.com\/@fr\/115072535340486864","error":""},"_links":{"self":[{"href":"https:\/\/www.europesays.com\/fr\/wp-json\/wp\/v2\/posts\/336219","targetHints":{"allow":["GET"]}}],"collection":[{"href":"https:\/\/www.europesays.com\/fr\/wp-json\/wp\/v2\/posts"}],"about":[{"href":"https:\/\/www.europesays.com\/fr\/wp-json\/wp\/v2\/types\/post"}],"author":[{"embeddable":true,"href":"https:\/\/www.europesays.com\/fr\/wp-json\/wp\/v2\/users\/2"}],"replies":[{"embeddable":true,"href":"https:\/\/www.europesays.com\/fr\/wp-json\/wp\/v2\/comments?post=336219"}],"version-history":[{"count":0,"href":"https:\/\/www.europesays.com\/fr\/wp-json\/wp\/v2\/posts\/336219\/revisions"}],"wp:featuredmedia":[{"embeddable":true,"href":"https:\/\/www.europesays.com\/fr\/wp-json\/wp\/v2\/media\/336220"}],"wp:attachment":[{"href":"https:\/\/www.europesays.com\/fr\/wp-json\/wp\/v2\/media?parent=336219"}],"wp:term":[{"taxonomy":"category","embeddable":true,"href":"https:\/\/www.europesays.com\/fr\/wp-json\/wp\/v2\/categories?post=336219"},{"taxonomy":"post_tag","embeddable":true,"href":"https:\/\/www.europesays.com\/fr\/wp-json\/wp\/v2\/tags?post=336219"}],"curies":[{"name":"wp","href":"https:\/\/api.w.org\/{rel}","templated":true}]}}