{"id":336221,"date":"2025-08-22T12:58:09","date_gmt":"2025-08-22T12:58:09","guid":{"rendered":"https:\/\/www.europesays.com\/fr\/336221\/"},"modified":"2025-08-22T12:58:09","modified_gmt":"2025-08-22T12:58:09","slug":"jacques-legros-met-deja-fin-a-sa-retraite-apres-son-depart-du-13h-de-tf1-le-9-mai-dernier-et-il-sera-de-retour-a-lantenne-des-lundi-a-la-tele-et-a-la-radio","status":"publish","type":"post","link":"https:\/\/www.europesays.com\/fr\/336221\/","title":{"rendered":"Jacques Legros met d\u00e9j\u00e0 fin \u00e0 sa retraite, apr\u00e8s son d\u00e9part du 13h de TF1 le 9 mai dernier, et il sera de retour \u00e0 l&rsquo;antenne d\u00e8s lundi, \u00e0 la t\u00e9l\u00e9 et \u00e0 la radio !"},"content":{"rendered":"<p>Jacques Legros met d\u00e9j\u00e0 fin \u00e0 sa retraite apr\u00e8s son d\u00e9part du 13h de TF1 le 9 mai dernier et il sera de retour \u00e0 l&rsquo;antenne d\u00e8s lundi, \u00e0 la t\u00e9l\u00e9 et \u00e0 la radio ! Jacques Legros ne sera pas rest\u00e9 longtemps loin des plateaux t\u00e9l\u00e9.\u00a0Le journaliste de 74 ans rejoindra, selon les informations de nos confr\u00e8res de TV Magazine, l\u2019\u00e9quipe de l\u2019animatrice Estelle Denis dans \u00ab\u00a0Estelle Midi\u00a0\u00bb sur RMC Story, et ce, d\u00e8s le lundi 25 ao\u00fbt prochain. Les t\u00e9l\u00e9spectateurs pourront ainsi retrouver Jacques Legros du lundi au vendredi de 12h \u00e0 15h sur la radio RMC et la cha\u00eene RMC Story.<\/p>\n<p>Jacques Legros n\u2019avait pas cach\u00e9 ses envies de retourner en radio. Apr\u00e8s un quart de si\u00e8cle \u00e0 assurer le 13H de TF1 pendant les vacances et \u00e0 \u00eatre toujours d\u2019astreinte le reste du temps au cas o\u00f9 un coll\u00e8gue titulaire du JT a un probl\u00e8me, il souhaitait ne plus avoir \u00ab sans cesse le poids de l\u2019actualit\u00e9 sur les \u00e9paules. \u00bb<\/p>\n<p>\u00ab On est tout le temps sous pression car on ne peut pas rater un \u00e9pisode de l\u2019actualit\u00e9. Ne plus avoir cette pression, c\u2019est ma retraite \u00e0 moi. \u00bb confiait-il aux lecteurs de La Voix du Nord.<\/p>\n","protected":false},"excerpt":{"rendered":"Jacques Legros met d\u00e9j\u00e0 fin \u00e0 sa retraite apr\u00e8s son d\u00e9part du 13h de TF1 le 9 mai&hellip;\n","protected":false},"author":2,"featured_media":336222,"comment_status":"","ping_status":"","sticky":false,"template":"","format":"standard","meta":{"footnotes":""},"categories":[1359],"tags":[47297,58,59,1011,27,10074,973,199],"class_list":{"0":"post-336221","1":"post","2":"type-post","3":"status-publish","4":"format-standard","5":"has-post-thumbnail","7":"category-people","8":"tag-13h","9":"tag-divertissement","10":"tag-entertainment","11":"tag-fr","12":"tag-france","13":"tag-jacques-legros","14":"tag-people","15":"tag-tf1"},"share_on_mastodon":{"url":"https:\/\/pubeurope.com\/@fr\/115072539393342736","error":""},"_links":{"self":[{"href":"https:\/\/www.europesays.com\/fr\/wp-json\/wp\/v2\/posts\/336221","targetHints":{"allow":["GET"]}}],"collection":[{"href":"https:\/\/www.europesays.com\/fr\/wp-json\/wp\/v2\/posts"}],"about":[{"href":"https:\/\/www.europesays.com\/fr\/wp-json\/wp\/v2\/types\/post"}],"author":[{"embeddable":true,"href":"https:\/\/www.europesays.com\/fr\/wp-json\/wp\/v2\/users\/2"}],"replies":[{"embeddable":true,"href":"https:\/\/www.europesays.com\/fr\/wp-json\/wp\/v2\/comments?post=336221"}],"version-history":[{"count":0,"href":"https:\/\/www.europesays.com\/fr\/wp-json\/wp\/v2\/posts\/336221\/revisions"}],"wp:featuredmedia":[{"embeddable":true,"href":"https:\/\/www.europesays.com\/fr\/wp-json\/wp\/v2\/media\/336222"}],"wp:attachment":[{"href":"https:\/\/www.europesays.com\/fr\/wp-json\/wp\/v2\/media?parent=336221"}],"wp:term":[{"taxonomy":"category","embeddable":true,"href":"https:\/\/www.europesays.com\/fr\/wp-json\/wp\/v2\/categories?post=336221"},{"taxonomy":"post_tag","embeddable":true,"href":"https:\/\/www.europesays.com\/fr\/wp-json\/wp\/v2\/tags?post=336221"}],"curies":[{"name":"wp","href":"https:\/\/api.w.org\/{rel}","templated":true}]}}