{"id":336223,"date":"2025-08-22T12:59:16","date_gmt":"2025-08-22T12:59:16","guid":{"rendered":"https:\/\/www.europesays.com\/fr\/336223\/"},"modified":"2025-08-22T12:59:16","modified_gmt":"2025-08-22T12:59:16","slug":"le-repere-touche-a-tout-destelle-et-patrick-dans-le-perche","status":"publish","type":"post","link":"https:\/\/www.europesays.com\/fr\/336223\/","title":{"rendered":"le rep\u00e8re touche \u00e0 tout d&rsquo;Estelle et Patrick dans le Perche"},"content":{"rendered":"<p>            Par<br \/>\n        <strong><br \/>\n            <a href=\"https:\/\/actu.fr\/auteur\/vincent-guerrier\" title=\"Consulter tous les articles de Vincent Guerrier\" rel=\"nofollow noopener\" target=\"_blank\">Vincent Guerrier<\/a><br \/>\n        <\/strong><\/p>\n<p>        Publi\u00e9 le<\/p>\n<p>            21 ao\u00fbt 2025 \u00e0 17h38        <\/p>\n<p>C\u2019est un lieu pluriel comme on en voit de plus en plus. Fini le temps des galeries tr\u00e8s s\u00e9lectives et rang\u00e9es. D\u00e9sormais les lieux de culture se veulent plus ouverts sur d\u2019autres formes d\u2019art, et parfois de d\u00e9tente. C\u2019est exactement le chemin choisi par Estelle Verner et son mari Patrick Nupert \u00e0 Courgeon (<a href=\"https:\/\/actu.fr\/61actu\/\" rel=\"nofollow noopener\" target=\"_blank\">Orne<\/a>).<\/p>\n<p class=\" wall-content\">Leur lieu multiforme s\u2019appelle <a href=\"https:\/\/maisonbokay.com\/\" rel=\"nofollow noopener\" target=\"_blank\">Maison Bokay<\/a>, un terme qui \u00e9voque la \u00ab proximit\u00e9 \u00bb en cr\u00e9ole, les origines de Patrick Nupert, artiste peintre.<\/p>\n<p>    <img   decoding=\"async\" loading=\"lazy\" class=\"size-large\" src=\"https:\/\/www.europesays.com\/fr\/wp-content\/uploads\/2025\/08\/2161c5a9e2a864561c5a9e2a83961cv-960x640.jpg\" alt=\"Les petits os de Guillaume Allemand.\" width=\"960\" height=\"640\"\/><br \/>\n    Les petits os de Guillaume Allemand. \u00a9Vincent GUERRIERLa galerie Alfred Nicaise<\/p>\n<p class=\" wall-content\">C\u2019est en venant dans le Perche pour le march\u00e9 d\u2019art de La Perri\u00e8re que le couple tombe amoureux de la r\u00e9gion. En 2021 ils l\u00e2chent leur vie parisienne pour une maison en plein coeur de Courgeon.<\/p>\n<p class=\" wall-content\">La petite maison mitoyenne, un peu laiss\u00e9e \u00e0 l\u2019abandon, leur servira de lieu d\u2019exposition et de boutique.<\/p>\n<blockquote class=\"ac-article-quote wall-content\">\n<p>Nous avons d\u00e9frich\u00e9 tout le jardin, rafra\u00eechi toute la maison avec la volont\u00e9 de la laisser dans son jus malgr\u00e9 tout.<\/p>\n<p>Estelle Verner, graphiste.<\/p><\/blockquote>\n<p>    <img   decoding=\"async\" loading=\"lazy\" class=\"size-large\" src=\"https:\/\/www.europesays.com\/fr\/wp-content\/uploads\/2025\/08\/f20695a9e2a86270695a9e2a84b069v-960x640.jpg\" alt=\"Dans l'atelier de Patrick Nupert\" width=\"960\" height=\"640\"\/><br \/>\n    Dans l\u2019atelier de Patrick Nupert \u00a9Vincent GUERRIER<\/p>\n<p class=\" wall-content\">Avec son mari, \u00e9galement musicien, DJ, et fondateur du label Kaphonic Records, ils parcourent la France et le monde avec leur galerie Alfred Nicaise, o\u00f9 six artistes confirm\u00e9s confient leurs oeuvres qui seront expos\u00e9es et vendues lors de grands rassemblements dans le monde de l\u2019art.<\/p>\n<p>Votre r\u00e9gion, votre actu !<\/p>\n<p>Recevez chaque jour les infos qui comptent pour vous.<\/p>\n<p>\t<a href=\"https:\/\/actu.fr\/newsletter\" class=\"ac-btn ac-btn--corner ac-btn--medium ac-btn--blue800\" rel=\"nofollow noopener\" target=\"_blank\">S&rsquo;incrire<\/a><br \/>\nJusqu\u2019au 31\u00a0ao\u00fbt<\/p>\n<p class=\" wall-content\">Mais quand on a la cr\u00e9ation chevill\u00e9e au corps, on ne s\u2019arr\u00eate pas en cours de route, m\u00eame quand on cumule trois ou quatre casquettes. Estelle et Patrick ont donc ouvert, le 1er\u00a0ao\u00fbt dernier, leur espace vivant \u00e0 Courgeon au 19 rue Sainte-Anne. Jusqu\u2019au 31\u00a0ao\u00fbt 2025, il est donc possible d\u2019y voir les \u0153uvres de plusieurs peintres et artisans.<\/p>\n<p class=\" wall-content\">Notamment les \u0153uvres \u00e9tonnantes de Guillaume Allemand, qui a notamment glan\u00e9 une farandole d\u2019os, de b\u0153ufs ou de petits animaux de la for\u00eat, pour en faire des tableaux de lignes o\u00f9 l\u2019oeil se perd.<\/p>\n<p>    <img   decoding=\"async\" loading=\"lazy\" class=\"size-large\" src=\"https:\/\/www.europesays.com\/fr\/wp-content\/uploads\/2025\/08\/8dc416a9e2a86a4d416a9e2a8d8d41v-960x640.jpg\" alt=\"Les fameux dahlias d'Estelle Verner.\" width=\"960\" height=\"640\"\/><br \/>\n    Les fameux dahlias d\u2019Estelle Verner. \u00a9Vincent GUERRIER<\/p>\n<p class=\" wall-content\">Une fois sorti de cette petite boutique tout en pierre, une v\u00e9randa se laisse d\u00e9couvrir \u00e0 l\u2019arri\u00e8re, o\u00f9 le couple a install\u00e9 une cave \u00e0 Rhum orchestr\u00e9e par Rhum Store. Une masterclass a d\u2019ailleurs eu lieu le samedi 16 ao\u00fbt dernier. Deux autres rendez-vous sont programm\u00e9s.<\/p>\n<p class=\" wall-content\">Les 22 et 23 ao\u00fbt pour s\u2019initier \u00e0 l\u2019Ikebana, un art floral japonais. Et le 28 et 29 ao\u00fbt avec Maud Villaret pour un cours de cr\u00e9ation de bijoux et d\u2019amulettes.<\/p>\n<p>Passion dahlias<\/p>\n<p class=\" wall-content\">Plus loin encore, un jardin est recouvert de tables et de chaises. C\u2019est l\u2019espace salon de th\u00e9, o\u00f9 les visiteurs peuvent se poser pour \u00e9changer entre eux ou avec les propri\u00e9taires des lieux. Estelle ne manquera s\u00fbrement pas de faire d\u00e9couvrir sa collection de 400 dahlias, ces plantes semblables \u00e0 des pompons, que la graphiste pr\u00e9f\u00e8re pourpres.<\/p>\n<p>    <img   decoding=\"async\" loading=\"lazy\" class=\"size-large\" src=\"https:\/\/www.europesays.com\/fr\/wp-content\/uploads\/2025\/08\/9e08e5a9e2a860318e5a9e2a86718ev-960x640.jpg\" alt=\"Dans la boutique de Maison Bokay.\" width=\"960\" height=\"640\"\/><br \/>\n    Dans la boutique de Maison Bokay. \u00a9Vincent GUERRIER<\/p>\n<blockquote class=\"ac-article-quote wall-content\">\n<p>Nous esp\u00e9rons ouvrir cette boutique \u00e9ph\u00e9m\u00e8re environ trois ou quatre fois dans l\u2019ann\u00e9e, pour faire d\u00e9couvrir des artistes et des artisans.<\/p>\n<p>Estelle Verner.<\/p><\/blockquote>\n<p class=\" wall-content\">Le lieu a aussi vocation \u00e0 faire d\u00e9couvrir des nouveaut\u00e9s des artisans locaux. \u00ab Patrick est tr\u00e8s \u00e9panoui dans le Perche. Il a un grand atelier ici, rien \u00e0 voir avec Paris. Lui qui a une peinture tr\u00e8s ax\u00e9e sur le travail du geste et des superpositions de peinture, il a ici toute la place pour s\u2019exprimer. \u00bb La recherche de la libert\u00e9 artistique pourra se poursuivre \u00e0 Courgeon, o\u00f9 les platines et les soir\u00e9es musicales ne seront jamais tr\u00e8s loin.<\/p>\n<p>Pratique Maison Bokay, ouvert le jeudi et vendredi (14h-19h), le samedi (10h-13h ; 15h-19h) et le dimanche (10h-13h ; 15h-18h). Instagram @maisonbokay Contact : 06 77 66 03 60.<\/p>\n<p class=\" wall-content\">Personnalisez votre actualit\u00e9 en ajoutant vos villes et m\u00e9dias en favori avec <a href=\"https:\/\/moncompte.actu.fr\" title=\"D\u00e9couvez Mon Actu\" rel=\"nofollow noopener\" data-trk=\"{&quot;cta&quot;:{&quot;action&quot;:&quot;https:\\\/\\\/moncompte.actu.fr&quot;,&quot;category&quot;:&quot;mon compte&quot;,&quot;from&quot;:&quot;article footer&quot;,&quot;name&quot;:&quot;Mon actu&quot;,&quot;type&quot;:&quot;cta&quot;}}\" target=\"_blank\">Mon Actu<\/a>.<\/p>\n","protected":false},"excerpt":{"rendered":"Par Vincent Guerrier Publi\u00e9 le 21 ao\u00fbt 2025 \u00e0 17h38 C\u2019est un lieu pluriel comme on en voit&hellip;\n","protected":false},"author":2,"featured_media":336224,"comment_status":"","ping_status":"","sticky":false,"template":"","format":"standard","meta":{"footnotes":""},"categories":[1358],"tags":[1348,1384,1385,1386,58,59,1011,27,1652],"class_list":{"0":"post-336223","1":"post","2":"type-post","3":"status-publish","4":"format-standard","5":"has-post-thumbnail","7":"category-arts-et-design","8":"tag-arts","9":"tag-arts-and-design","10":"tag-arts-et-design","11":"tag-design","12":"tag-divertissement","13":"tag-entertainment","14":"tag-fr","15":"tag-france","16":"tag-loisirs-culture"},"share_on_mastodon":{"url":"https:\/\/pubeurope.com\/@fr\/115072543551266861","error":""},"_links":{"self":[{"href":"https:\/\/www.europesays.com\/fr\/wp-json\/wp\/v2\/posts\/336223","targetHints":{"allow":["GET"]}}],"collection":[{"href":"https:\/\/www.europesays.com\/fr\/wp-json\/wp\/v2\/posts"}],"about":[{"href":"https:\/\/www.europesays.com\/fr\/wp-json\/wp\/v2\/types\/post"}],"author":[{"embeddable":true,"href":"https:\/\/www.europesays.com\/fr\/wp-json\/wp\/v2\/users\/2"}],"replies":[{"embeddable":true,"href":"https:\/\/www.europesays.com\/fr\/wp-json\/wp\/v2\/comments?post=336223"}],"version-history":[{"count":0,"href":"https:\/\/www.europesays.com\/fr\/wp-json\/wp\/v2\/posts\/336223\/revisions"}],"wp:featuredmedia":[{"embeddable":true,"href":"https:\/\/www.europesays.com\/fr\/wp-json\/wp\/v2\/media\/336224"}],"wp:attachment":[{"href":"https:\/\/www.europesays.com\/fr\/wp-json\/wp\/v2\/media?parent=336223"}],"wp:term":[{"taxonomy":"category","embeddable":true,"href":"https:\/\/www.europesays.com\/fr\/wp-json\/wp\/v2\/categories?post=336223"},{"taxonomy":"post_tag","embeddable":true,"href":"https:\/\/www.europesays.com\/fr\/wp-json\/wp\/v2\/tags?post=336223"}],"curies":[{"name":"wp","href":"https:\/\/api.w.org\/{rel}","templated":true}]}}