{"id":336227,"date":"2025-08-22T13:01:10","date_gmt":"2025-08-22T13:01:10","guid":{"rendered":"https:\/\/www.europesays.com\/fr\/336227\/"},"modified":"2025-08-22T13:01:10","modified_gmt":"2025-08-22T13:01:10","slug":"deux-candidats-de-telerealite-ont-decide-de-faire-un-coming-out-a-ma-place-sindigne-zizou-des-cinquante","status":"publish","type":"post","link":"https:\/\/www.europesays.com\/fr\/336227\/","title":{"rendered":"\u00ab\u00a0Deux candidats de t\u00e9l\u00e9r\u00e9alit\u00e9 ont d\u00e9cid\u00e9 de faire un coming-out \u00e0 ma place\u00a0\u00bb, s\u2019indigne Zizou des \u00ab\u00a0Cinquante\u00a0\u00bb"},"content":{"rendered":"<p>Ce jeudi, dans \u00ab\u00a0Les Cinquante\u00a0\u00bb, sur <a href=\"https:\/\/www.20minutes.fr\/dossier\/w9\" class=\"c-link c-link--is-underlined\" rel=\"nofollow noopener\" target=\"_blank\">W9<\/a>, J\u00e9r\u00e9my Samat a r\u00e9v\u00e9l\u00e9 \u00e0 une candidate, Laura Lempika qu\u2019un autre participant, Zizou, lui aurait fait \u00ab\u00a0du rentre-dedans\u00a0\u00bb en lui envoyant des messages priv\u00e9s. \u00ab\u00a0Il me dit\u00a0: \u00ab\u00a0Tu me plais beaucoup, je ne comprends pas pourquoi tu ne me r\u00e9ponds pas\u00a0\u00bb\u00a0\u00bb, a-t-il racont\u00e9.<\/p>\n<p>Dans la foul\u00e9e, Zizou a pris la parole dans une vid\u00e9o post\u00e9e sur son compte Instagram pour exprimer son indignation. \u00ab\u00a0Je me fais insulter de partout car deux candidats de <a href=\"https:\/\/www.20minutes.fr\/dossier\/telerealite\" class=\"c-link c-link--is-underlined\" rel=\"nofollow noopener\" target=\"_blank\">t\u00e9l\u00e9r\u00e9alit\u00e9<\/a> ont d\u00e9cid\u00e9 de faire un <a href=\"https:\/\/www.20minutes.fr\/dossier\/coming_out\" class=\"c-link c-link--is-underlined\" rel=\"nofollow noopener\" target=\"_blank\">coming-out<\/a> \u00e0 ma place\u00a0\u00bb, s\u2019\u00e9meut le jeune homme qui se sent \u00ab\u00a0tellement humili\u00e9\u00a0\u00bb par ce qu\u2019il a \u00ab\u00a0pu voir sur les r\u00e9seaux sociaux\u00a0\u00bb et qui dit recevoir \u00ab\u00a0\u00e9norm\u00e9ment de <a href=\"https:\/\/www.20minutes.fr\/dossier\/homophobie\" class=\"c-link c-link--is-underlined\" rel=\"nofollow noopener\" target=\"_blank\">messages homophobes<\/a>.\u00a0\u00bb<\/p>\n<p>\u00ab\u00a0Je ne leur pardonnerai jamais\u00a0\u00bb<\/p>\n<p>\u00ab\u00a0Oui, j\u2019ai d\u00e9j\u00e0 essay\u00e9 avec des hommes, mais je ne suis pas amoureux d\u2019un genre mais d\u2019une personne. Celle dont je suis fou amoureux est Ania [sa compagne] et personne d\u2019autre\u00a0\u00bb, a-t-il d\u00e9clar\u00e9. Et de pr\u00e9ciser qu\u2019Ania est \u00ab\u00a0au courant de toute [sa] vie\u00a0\u00bb\u00a0: \u00ab\u00a0On se conna\u00eet depuis qu\u2019on a 16 ans, elle m\u2019aime pour ce que je suis et qui je suis r\u00e9ellement.\u00a0\u00bb<\/p>\n<p><a href=\"https:\/\/www.20minutes.fr\/arts-stars\/people\/\" class=\"c-link c-btn c-btn--primary\" rel=\"nofollow noopener\" target=\"_blank\">Nos articles People<\/a><\/p>\n<p>\u00ab\u00a0Ce sera la seule vid\u00e9o o\u00f9 je parlerai de \u00e7a, a-t-il conclu. Parce que j\u2019ai l\u2019impression qu\u2019ils m\u2019ont forc\u00e9 \u00e0 vous parler de ma vie sexuelle alors que je n\u2019en avais pas envie. Je ne leur pardonnerai jamais de m\u2019avoir vol\u00e9 mon intimit\u00e9.\u00a0\u00bb<\/p>\n","protected":false},"excerpt":{"rendered":"Ce jeudi, dans \u00ab\u00a0Les Cinquante\u00a0\u00bb, sur W9, J\u00e9r\u00e9my Samat a r\u00e9v\u00e9l\u00e9 \u00e0 une candidate, Laura Lempika qu\u2019un autre&hellip;\n","protected":false},"author":2,"featured_media":336228,"comment_status":"","ping_status":"","sticky":false,"template":"","format":"standard","meta":{"footnotes":""},"categories":[1356],"tags":[15736,58,59,1011,27,8717,22468,9087,973,2587,252,1364,2395],"class_list":{"0":"post-336227","1":"post","2":"type-post","3":"status-publish","4":"format-standard","5":"has-post-thumbnail","7":"category-television","8":"tag-coming-out","9":"tag-divertissement","10":"tag-entertainment","11":"tag-fr","12":"tag-france","13":"tag-homophobie","14":"tag-homosexualite","15":"tag-lgbt","16":"tag-people","17":"tag-telerealite","18":"tag-television","19":"tag-tv","20":"tag-w9"},"share_on_mastodon":{"url":"https:\/\/pubeurope.com\/@fr\/115072551086026152","error":""},"_links":{"self":[{"href":"https:\/\/www.europesays.com\/fr\/wp-json\/wp\/v2\/posts\/336227","targetHints":{"allow":["GET"]}}],"collection":[{"href":"https:\/\/www.europesays.com\/fr\/wp-json\/wp\/v2\/posts"}],"about":[{"href":"https:\/\/www.europesays.com\/fr\/wp-json\/wp\/v2\/types\/post"}],"author":[{"embeddable":true,"href":"https:\/\/www.europesays.com\/fr\/wp-json\/wp\/v2\/users\/2"}],"replies":[{"embeddable":true,"href":"https:\/\/www.europesays.com\/fr\/wp-json\/wp\/v2\/comments?post=336227"}],"version-history":[{"count":0,"href":"https:\/\/www.europesays.com\/fr\/wp-json\/wp\/v2\/posts\/336227\/revisions"}],"wp:featuredmedia":[{"embeddable":true,"href":"https:\/\/www.europesays.com\/fr\/wp-json\/wp\/v2\/media\/336228"}],"wp:attachment":[{"href":"https:\/\/www.europesays.com\/fr\/wp-json\/wp\/v2\/media?parent=336227"}],"wp:term":[{"taxonomy":"category","embeddable":true,"href":"https:\/\/www.europesays.com\/fr\/wp-json\/wp\/v2\/categories?post=336227"},{"taxonomy":"post_tag","embeddable":true,"href":"https:\/\/www.europesays.com\/fr\/wp-json\/wp\/v2\/tags?post=336227"}],"curies":[{"name":"wp","href":"https:\/\/api.w.org\/{rel}","templated":true}]}}