{"id":336229,"date":"2025-08-22T13:02:12","date_gmt":"2025-08-22T13:02:12","guid":{"rendered":"https:\/\/www.europesays.com\/fr\/336229\/"},"modified":"2025-08-22T13:02:12","modified_gmt":"2025-08-22T13:02:12","slug":"kendji-girac-ca-plane-pour-lui-plus-dinfos-dans-le-magazine-public-de-cette-semaine","status":"publish","type":"post","link":"https:\/\/www.europesays.com\/fr\/336229\/","title":{"rendered":"Kendji Girac : \u00e7a plane pour lui&#8230; Plus d&rsquo;infos dans le magazine Public de cette semaine"},"content":{"rendered":"<p>Cette semaine, dans\u00a0Public, nous vous faisons vivre <strong>les vacances de\u00a0Kendji\u00a0Girac\u2026<\/strong> Un an apr\u00e8s le drame qui l\u2019a touch\u00e9,\u00a0<a href=\"https:\/\/www.public.fr\/toute-ma-verite-apres-le-drame-kendji-girac-decide-de-tout-reveler-sur-la-nuit-ou-tout-a-bascule\" rel=\"nofollow noopener\" target=\"_blank\">le chanteur a retrouv\u00e9 la joie de vivre et\u00a0la l\u00e9g\u00e8ret\u00e9 entour\u00e9\u00a0des siens<\/a>. La preuve en images\u2026<\/p>\n<p>Nous revenons aussi sur une prise de parole gla\u00e7ante\u00a0: <a href=\"https:\/\/www.public.fr\/alexandra-rosenfeld-temoigne-contre-son-ex-jean-imbert-laeticia-hallyday-julien-dore-patrick-sebastien-sen-melent\" rel=\"nofollow noopener\" target=\"_blank\">celle d\u2019Alexandra Rosenfeld, qui a livr\u00e9 sa v\u00e9rit\u00e9 quant \u00e0 son histoire avec le chef des stars, Jean Imbert<\/a>. Et ce qu\u2019elle a \u00e0 dire fait froid dans le dos\u00a0!<\/p>\n<p>Du c\u00f4t\u00e9 de\u00a0<strong>Kad\u00a0Merad, l\u2019heure n\u2019est pas \u00e0 la teuf.<\/strong> <a href=\"https:\/\/www.public.fr\/que-sept-personnes-par-salle-kad-merad-son-dernier-film-fait-un-flop\" rel=\"nofollow noopener\" target=\"_blank\">Le dernier film de l\u2019acteur est un accident industriel<\/a> et cet \u00e9chec ne peut que l\u2019affecter. Le com\u00e9dien peut-il rebondir\u00a0?<\/p>\n<p><a href=\"https:\/\/www.publickiosk.fr?utm_source=article_site\" rel=\"nofollow noopener\" target=\"_blank\"><\/p>\n<p><img loading=\"lazy\" decoding=\"async\" width=\"819\" height=\"1024\" src=\"https:\/\/www.europesays.com\/fr\/wp-content\/uploads\/2025\/08\/1154RS-819x1024.png\" alt=\"Kendji Girac : \u00e7a plane pour lui... Plus d'infos dans le magazine Public de cette semaine\"  \/><\/p>\n<p><\/a><\/p>\n<p>Nous partons \u00e9galement en Angleterre, o\u00f9 <strong>Kate et William essuient de violentes attaques<\/strong>. En cause, un d\u00e9m\u00e9nagement imminent, pour lequel ils auraient expropri\u00e9 plusieurs familles\u00a0!<\/p>\n<p>Les Sussex, de leur c\u00f4t\u00e9,\u00a0font\u00a0eux aussi\u00a0face aux\u00a0critiques. Au c\u0153ur de la pol\u00e9mique, le show\u00a0Netflix\u00a0de\u00a0Meghan\u2026\u00a0On vous dit tout.<\/p>\n<p>Enfin, dans ce nouveau num\u00e9ro, vous d\u00e9couvrirez<strong> les photos les plus fun des stars \u00e0 la plage<\/strong>, les tourments douloureux de Charlotte Gainsbourg, l\u2019hilarante revanche de Halle Berry contre son ex\u2026 Mais aussi nos conseils mode, beaut\u00e9, nos pr\u00e9dictions\u00a0astro, nos jeux, nos recettes de cuisine, et bien d\u2019autres choses. Bonne lecture\u00a0!<\/p>\n<p>      Mentionn\u00e9s dans cet article<\/p>\n<p>      Sur le m\u00eame sujet<\/p>\n","protected":false},"excerpt":{"rendered":"Cette semaine, dans\u00a0Public, nous vous faisons vivre les vacances de\u00a0Kendji\u00a0Girac\u2026 Un an apr\u00e8s le drame qui l\u2019a touch\u00e9,\u00a0le&hellip;\n","protected":false},"author":2,"featured_media":336230,"comment_status":"","ping_status":"","sticky":false,"template":"","format":"standard","meta":{"footnotes":""},"categories":[1355],"tags":[58,59,1011,27,7197,1361,873],"class_list":{"0":"post-336229","1":"post","2":"type-post","3":"status-publish","4":"format-standard","5":"has-post-thumbnail","7":"category-musique","8":"tag-divertissement","9":"tag-entertainment","10":"tag-fr","11":"tag-france","12":"tag-magazine-public","13":"tag-music","14":"tag-musique"},"share_on_mastodon":{"url":"https:\/\/pubeurope.com\/@fr\/115072555138645577","error":""},"_links":{"self":[{"href":"https:\/\/www.europesays.com\/fr\/wp-json\/wp\/v2\/posts\/336229","targetHints":{"allow":["GET"]}}],"collection":[{"href":"https:\/\/www.europesays.com\/fr\/wp-json\/wp\/v2\/posts"}],"about":[{"href":"https:\/\/www.europesays.com\/fr\/wp-json\/wp\/v2\/types\/post"}],"author":[{"embeddable":true,"href":"https:\/\/www.europesays.com\/fr\/wp-json\/wp\/v2\/users\/2"}],"replies":[{"embeddable":true,"href":"https:\/\/www.europesays.com\/fr\/wp-json\/wp\/v2\/comments?post=336229"}],"version-history":[{"count":0,"href":"https:\/\/www.europesays.com\/fr\/wp-json\/wp\/v2\/posts\/336229\/revisions"}],"wp:featuredmedia":[{"embeddable":true,"href":"https:\/\/www.europesays.com\/fr\/wp-json\/wp\/v2\/media\/336230"}],"wp:attachment":[{"href":"https:\/\/www.europesays.com\/fr\/wp-json\/wp\/v2\/media?parent=336229"}],"wp:term":[{"taxonomy":"category","embeddable":true,"href":"https:\/\/www.europesays.com\/fr\/wp-json\/wp\/v2\/categories?post=336229"},{"taxonomy":"post_tag","embeddable":true,"href":"https:\/\/www.europesays.com\/fr\/wp-json\/wp\/v2\/tags?post=336229"}],"curies":[{"name":"wp","href":"https:\/\/api.w.org\/{rel}","templated":true}]}}