{"id":336242,"date":"2025-08-22T13:09:09","date_gmt":"2025-08-22T13:09:09","guid":{"rendered":"https:\/\/www.europesays.com\/fr\/336242\/"},"modified":"2025-08-22T13:09:09","modified_gmt":"2025-08-22T13:09:09","slug":"israel-menace-de-detruire-la-ville-de-gaza-si-le-hamas-naccepte-pas-la-paix-a-ses-conditions-liberation","status":"publish","type":"post","link":"https:\/\/www.europesays.com\/fr\/336242\/","title":{"rendered":"Isra\u00ebl menace de d\u00e9truire la ville de Gaza si le Hamas n\u2019accepte pas la paix \u00e0 ses conditions \u2013 Lib\u00e9ration"},"content":{"rendered":"<p class=\"sc-ksZaOG ehjQrN text-element\"><a href=\"https:\/\/www.liberation.fr\/international\/moyen-orient\/benyamin-netanyahou-requisitionne-60-000-reservistes-pour-envahir-la-ville-de-gaza-malgre-lepuisement-general-20250820_FFRLZD7F55CD3JXM7BS33KDRSY\/\" target=\"_blank\" rel=\"noreferrer noopener\" title=\"https:\/\/www.liberation.fr\/international\/moyen-orient\/benyamin-netanyahou-requisitionne-60-000-reservistes-pour-envahir-la-ville-de-gaza-malgre-lepuisement-general-20250820_FFRLZD7F55CD3JXM7BS33KDRSY\/\">La ville de Gaza<\/a> sera d\u00e9truite si le Hamas n\u2019accepte pas la paix aux conditions dict\u00e9es par Isra\u00ebl, a menac\u00e9 ce vendredi 22\u00a0ao\u00fbt le ministre isra\u00e9lien de la D\u00e9fense Isra\u00ebl Katz. \u00abBient\u00f4t, les portes de l\u2019enfer s\u2019ouvriront sur les meurtriers et les violeurs du Hamas \u00e0 Gaza, jusqu\u2019\u00e0 ce qu\u2019ils acceptent les conditions pos\u00e9es par Isra\u00ebl pour mettre fin \u00e0 la guerre, principalement la lib\u00e9ration de tous les otages et le d\u00e9sarmement\u00bb du mouvement islamiste palestinien, \u00e9crit le ministre sur son compte X.<\/p>\n<p class=\"sc-ksZaOG ehjQrN text-element\">\u00abS\u2019ils n\u2019acceptent pas, Gaza, la capitale du Hamas, deviendra Rafah ou Beit Hanoun\u00bb, a-t-il ajout\u00e9, faisant r\u00e9f\u00e9rence \u00e0 deux villes de la bande de Gaza largement ras\u00e9es par Isra\u00ebl dans la guerre qui l\u2019oppose au Hamas depuis bient\u00f4t deux\u00a0ans.<\/p>\n<p class=\"sc-ksZaOG ehjQrN text-element\">Jeudi soir, Benyamin N\u00e9tanyahou a annonc\u00e9 avoir <a href=\"https:\/\/www.liberation.fr\/international\/moyen-orient\/debut-de-la-prise-de-controle-de-gaza-city-le-plan-de-colonisation-de-la-cisjordanie-approuve-lactualite-de-la-guerre-au-proche-orient-ce-21-aout-20250821_5QEQPM7O5JA2XPYGRJR4PJ5MWU\/\" target=\"_blank\" rel=\"noreferrer noopener\" title=\"https:\/\/www.liberation.fr\/international\/moyen-orient\/debut-de-la-prise-de-controle-de-gaza-city-le-plan-de-colonisation-de-la-cisjordanie-approuve-lactualite-de-la-guerre-au-proche-orient-ce-21-aout-20250821_5QEQPM7O5JA2XPYGRJR4PJ5MWU\/\">ordonn\u00e9 des \u00abn\u00e9gociations imm\u00e9diates\u00bb<\/a> en vue de \u00abla lib\u00e9ration de tous [les] otages [encore d\u00e9tenus \u00e0 Gaza] et mettre fin \u00e0 la guerre dans des conditions acceptables pour Isra\u00ebl\u00bb.<\/p>\n<p class=\"sc-ksZaOG ehjQrN text-element\">Sans la citer explicitement, il r\u00e9pondait ainsi \u00e0 la derni\u00e8re proposition des m\u00e9diateurs &#8211; Egypte, Qatar et Etats Unis &#8211; en vue d\u2019un cessez-le-feu dans le territoire palestinien, en proie \u00e0 une situation humanitaire catastrophique.<\/p>\n<p class=\"sc-ksZaOG ehjQrN text-element\">Tout en disant vouloir n\u00e9gocier un accord de cessez-le-feu et de lib\u00e9ration des otages \u00e0 Gaza, Isra\u00ebl, qui contr\u00f4le aujourd\u2019hui environ 75\u00a0% du territoire palestinien, intensifie sa pression militaire. Le gouvernement a ainsi approuv\u00e9 cette semaine <a href=\"https:\/\/www.liberation.fr\/international\/moyen-orient\/le-ministere-israelien-de-la-defense-approuve-le-plan-pour-la-prise-de-la-ville-de-gaza-20250820_UIKAKRQCAVAORDNOHCX372PLUY\/\" target=\"_blank\" rel=\"noreferrer noopener\" title=\"https:\/\/www.liberation.fr\/international\/moyen-orient\/le-ministere-israelien-de-la-defense-approuve-le-plan-pour-la-prise-de-la-ville-de-gaza-20250820_UIKAKRQCAVAORDNOHCX372PLUY\/\">un plan d\u2019assaut contre Gaza-ville<\/a>, la plus grande du territoire, et annonc\u00e9 le rappel de 60\u00a0000 r\u00e9servistes suppl\u00e9mentaires.<\/p>\n<p class=\"sc-ksZaOG ehjQrN text-element\">Le Bureau de coordination des affaires humanitaires des Nations unies (OCHA) a averti que le projet isra\u00e9lien d\u2019\u00e9tendre les op\u00e9rations militaires \u00e0 Gaza aurait des cons\u00e9quences terribles pour les 2,4\u00a0millions de Palestiniens de Gaza, d\u00e9j\u00e0 \u00e0 bout.<\/p>\n<p class=\"sc-ksZaOG ehjQrN text-element\">Le Hamas, dont l\u2019attaque sans pr\u00e9c\u00e9dent en Isra\u00ebl le 7\u00a0octobre 2023 a d\u00e9clench\u00e9 la guerre, a donn\u00e9 lundi son accord \u00e0 un projet d\u2019accord pr\u00e9voyant, selon des sources palestiniennes, une tr\u00eave de 60 jours durant laquelle les otages toujours captifs \u00e0 Gaza (au nombre de 49 dont 27 d\u00e9clar\u00e9s morts par l\u2019arm\u00e9e isra\u00e9lienne) seraient rel\u00e2ch\u00e9s en deux temps en \u00e9change de la lib\u00e9ration de centaines de prisonniers palestiniens.<\/p>\n","protected":false},"excerpt":{"rendered":"La ville de Gaza sera d\u00e9truite si le Hamas n\u2019accepte pas la paix aux conditions dict\u00e9es par Isra\u00ebl,&hellip;\n","protected":false},"author":2,"featured_media":336243,"comment_status":"","ping_status":"","sticky":false,"template":"","format":"standard","meta":{"footnotes":""},"categories":[5],"tags":[11,1011,27,3522,14,664,3523,12,28],"class_list":{"0":"post-336242","1":"post","2":"type-post","3":"status-publish","4":"format-standard","5":"has-post-thumbnail","7":"category-international","8":"tag-actualites","9":"tag-fr","10":"tag-france","11":"tag-guerre-hamas-israel","12":"tag-international","13":"tag-israel","14":"tag-israel-palestine-conflit","15":"tag-news","16":"tag-world"},"share_on_mastodon":{"url":"https:\/\/pubeurope.com\/@fr\/115072582537647795","error":""},"_links":{"self":[{"href":"https:\/\/www.europesays.com\/fr\/wp-json\/wp\/v2\/posts\/336242","targetHints":{"allow":["GET"]}}],"collection":[{"href":"https:\/\/www.europesays.com\/fr\/wp-json\/wp\/v2\/posts"}],"about":[{"href":"https:\/\/www.europesays.com\/fr\/wp-json\/wp\/v2\/types\/post"}],"author":[{"embeddable":true,"href":"https:\/\/www.europesays.com\/fr\/wp-json\/wp\/v2\/users\/2"}],"replies":[{"embeddable":true,"href":"https:\/\/www.europesays.com\/fr\/wp-json\/wp\/v2\/comments?post=336242"}],"version-history":[{"count":0,"href":"https:\/\/www.europesays.com\/fr\/wp-json\/wp\/v2\/posts\/336242\/revisions"}],"wp:featuredmedia":[{"embeddable":true,"href":"https:\/\/www.europesays.com\/fr\/wp-json\/wp\/v2\/media\/336243"}],"wp:attachment":[{"href":"https:\/\/www.europesays.com\/fr\/wp-json\/wp\/v2\/media?parent=336242"}],"wp:term":[{"taxonomy":"category","embeddable":true,"href":"https:\/\/www.europesays.com\/fr\/wp-json\/wp\/v2\/categories?post=336242"},{"taxonomy":"post_tag","embeddable":true,"href":"https:\/\/www.europesays.com\/fr\/wp-json\/wp\/v2\/tags?post=336242"}],"curies":[{"name":"wp","href":"https:\/\/api.w.org\/{rel}","templated":true}]}}