{"id":336251,"date":"2025-08-22T13:14:27","date_gmt":"2025-08-22T13:14:27","guid":{"rendered":"https:\/\/www.europesays.com\/fr\/336251\/"},"modified":"2025-08-22T13:14:27","modified_gmt":"2025-08-22T13:14:27","slug":"depart-de-francoise-souliman-prefete-de-meurthe-et-moselle-voici-sa-nouvelle-mission","status":"publish","type":"post","link":"https:\/\/www.europesays.com\/fr\/336251\/","title":{"rendered":"D\u00e9part de Fran\u00e7oise Souliman, pr\u00e9f\u00e8te de Meurthe-et-Moselle : voici sa nouvelle mission"},"content":{"rendered":"<p>            Par<br \/>\n        <strong><br \/>\n            <a href=\"https:\/\/actu.fr\/auteur\/emil-vautrin\" title=\"Consulter tous les articles de Emil Vautrin\" rel=\"nofollow noopener\" target=\"_blank\">Emil Vautrin<\/a><br \/>\n        <\/strong><\/p>\n<p>        Publi\u00e9 le<\/p>\n<p>            22 ao\u00fbt 2025 \u00e0 12h21        <\/p>\n<p>Fin juillet, <a href=\"https:\/\/actu.fr\/societe\/qui-est-francoise-souliman-la-nouvelle-prefete-de-meurthe-et-moselle_59987390.html\" rel=\"nofollow noopener\" target=\"_blank\">Fran\u00e7oise Souliman<\/a>, pr\u00e9f\u00e8te de <a href=\"https:\/\/actu.fr\/grand-est\/meurthe-et-moselle_54\" rel=\"nofollow noopener\" target=\"_blank\">Meurthe-et-Moselle<\/a>, a annonc\u00e9 qu\u2019elle <strong>quitterait son poste<\/strong> \u00e0 compter de ce <strong>vendredi 22 ao\u00fbt<\/strong>.<\/p>\n<p class=\" wall-content\">Dans un communiqu\u00e9 de presse, on apprenait qu\u2019elle \u00e9tait \u00ab\u2009appel\u00e9e \u00e0 de<strong> nouvelles fonctions<\/strong> \u00bb. Celles-ci ont \u00e9t\u00e9 officialis\u00e9es ce m\u00eame jour en conf\u00e9rence de presse.<\/p>\n<p>En charge de la s\u00e9curit\u00e9 du G7 \u00e0 \u00c9vian\u00a0<\/p>\n<p class=\" wall-content\">On le sait depuis juin 2025, le prochain <a href=\"https:\/\/actu.fr\/politique\/le-g7-aura-lieu-en-france-en-2026-emmanuel-macron-vient-de-devoiler-la-ville-choisie_62787107.html\" rel=\"nofollow noopener\" target=\"_blank\">sommet diplomatique du G7<\/a><strong> aura lieu \u00e0 \u00c9vian<\/strong>, du 14 au 16 juin 2026.<\/p>\n<p class=\" wall-content\">Et c\u2019est <strong>Fran\u00e7oise Souliman<\/strong> qui sera en <strong>charge de la s\u00e9curit\u00e9<\/strong> de l\u2019\u00e9v\u00e9nement.\u00a0<\/p>\n<p class=\" wall-content\">\u00ab\u00a0J\u2019ai d\u00e9j\u00e0 travaill\u00e9 sur des \u00e9v\u00e9nements de ce type, mais la mission qui m\u2019attend est <strong>exaltante<\/strong>, 2026 sera une ann\u00e9e fun\u00a0\u00bb, a-t-elle d\u00e9clar\u00e9.<\/p>\n<p class=\" wall-content\">Personnalisez votre actualit\u00e9 en ajoutant vos villes et m\u00e9dias en favori avec <a href=\"https:\/\/moncompte.actu.fr\" title=\"D\u00e9couvez Mon Actu\" rel=\"nofollow noopener\" data-trk=\"{&quot;cta&quot;:{&quot;action&quot;:&quot;https:\\\/\\\/moncompte.actu.fr&quot;,&quot;category&quot;:&quot;mon compte&quot;,&quot;from&quot;:&quot;article footer&quot;,&quot;name&quot;:&quot;Mon actu&quot;,&quot;type&quot;:&quot;cta&quot;}}\" target=\"_blank\">Mon Actu<\/a>.<\/p>\n","protected":false},"excerpt":{"rendered":"Par Emil Vautrin Publi\u00e9 le 22 ao\u00fbt 2025 \u00e0 12h21 Fin juillet, Fran\u00e7oise Souliman, pr\u00e9f\u00e8te de Meurthe-et-Moselle, a&hellip;\n","protected":false},"author":2,"featured_media":336252,"comment_status":"","ping_status":"","sticky":false,"template":"","format":"standard","meta":{"footnotes":""},"categories":[9635],"tags":[1111,11,1777,674,1011,27,775,1702,12,25,104],"class_list":{"0":"post-336251","1":"post","2":"type-post","3":"status-publish","4":"format-standard","5":"has-post-thumbnail","7":"category-nancy","8":"tag-actu","9":"tag-actualites","10":"tag-eu","11":"tag-europe","12":"tag-fr","13":"tag-france","14":"tag-grand-est","15":"tag-nancy","16":"tag-news","17":"tag-republique-francaise","18":"tag-societe"},"share_on_mastodon":{"url":"https:\/\/pubeurope.com\/@fr\/115072602147378028","error":""},"_links":{"self":[{"href":"https:\/\/www.europesays.com\/fr\/wp-json\/wp\/v2\/posts\/336251","targetHints":{"allow":["GET"]}}],"collection":[{"href":"https:\/\/www.europesays.com\/fr\/wp-json\/wp\/v2\/posts"}],"about":[{"href":"https:\/\/www.europesays.com\/fr\/wp-json\/wp\/v2\/types\/post"}],"author":[{"embeddable":true,"href":"https:\/\/www.europesays.com\/fr\/wp-json\/wp\/v2\/users\/2"}],"replies":[{"embeddable":true,"href":"https:\/\/www.europesays.com\/fr\/wp-json\/wp\/v2\/comments?post=336251"}],"version-history":[{"count":0,"href":"https:\/\/www.europesays.com\/fr\/wp-json\/wp\/v2\/posts\/336251\/revisions"}],"wp:featuredmedia":[{"embeddable":true,"href":"https:\/\/www.europesays.com\/fr\/wp-json\/wp\/v2\/media\/336252"}],"wp:attachment":[{"href":"https:\/\/www.europesays.com\/fr\/wp-json\/wp\/v2\/media?parent=336251"}],"wp:term":[{"taxonomy":"category","embeddable":true,"href":"https:\/\/www.europesays.com\/fr\/wp-json\/wp\/v2\/categories?post=336251"},{"taxonomy":"post_tag","embeddable":true,"href":"https:\/\/www.europesays.com\/fr\/wp-json\/wp\/v2\/tags?post=336251"}],"curies":[{"name":"wp","href":"https:\/\/api.w.org\/{rel}","templated":true}]}}