{"id":336253,"date":"2025-08-22T13:16:55","date_gmt":"2025-08-22T13:16:55","guid":{"rendered":"https:\/\/www.europesays.com\/fr\/336253\/"},"modified":"2025-08-22T13:16:55","modified_gmt":"2025-08-22T13:16:55","slug":"non-au-salon-du-chiot-de-nancy-brabois-a-les-09-et-10-aout-2025","status":"publish","type":"post","link":"https:\/\/www.europesays.com\/fr\/336253\/","title":{"rendered":"Non au Salon du Chiot de Nancy-Brabois \u00e0 les 09 et 10 ao\u00fbt 2025"},"content":{"rendered":"<p>\n                    \tD\u00e9menti officiel d\u2019ARGOS 42 face aux propos de l\u2019organisateur du salon du chiot\n                    <\/p>\n<p data-start=\"955\" data-end=\"984\">Bonjour \u00e0 toutes et \u00e0 tous,<\/p>\n<p data-start=\"986\" data-end=\"1198\">Un immense merci d\u2019avoir sign\u00e9 la p\u00e9tition <a href=\"https:\/\/argos42.org\/tag\/salon-du-chiot\/\" target=\"_blank\" rel=\"nofollow noopener\">contre le salon du chiot de Nancy<\/a>, qui s\u2019est tenu les 9 et 10 ao\u00fbt.<\/p>\n<p>M\u00eame si nous n\u2019avons pas pu emp\u00eacher cet \u00e9v\u00e9nement, votre mobilisation a eu un v\u00e9ritable impact :<\/p>\n<ul data-start=\"1199\" data-end=\"1440\">\n<li data-start=\"1199\" data-end=\"1273\">\n<p data-start=\"1201\" data-end=\"1273\">l\u2019affaire a \u00e9t\u00e9 relay\u00e9e dans la presse, \u00e9veillant l\u2019opinion publique ;<\/p>\n<\/li>\n<li data-start=\"1274\" data-end=\"1353\">\n<p data-start=\"1276\" data-end=\"1353\">des \u00e9changes ont \u00e9t\u00e9 amorc\u00e9s avec la mairie, malgr\u00e9 des r\u00e9ponses limit\u00e9es ;<\/p>\n<\/li>\n<li data-start=\"1354\" data-end=\"1440\">\n<p data-start=\"1356\" data-end=\"1440\">La mairie a finalement annonc\u00e9 avoir d\u00e9pos\u00e9 au conseil municipal gr\u00e2ce \u00e0 la pression citoyenne.<\/p>\n<\/li>\n<\/ul>\n<p data-start=\"1442\" data-end=\"1697\">\u00a0Suite aux d\u00e9clarations de l\u2019organisateur du salon dans l\u2019Est R\u00e9publicain, <a href=\"http:\/\/www.argos42.org\" target=\"_blank\" rel=\"nofollow noopener\">ARGOS 42 <\/a>publie un <strong data-start=\"1550\" data-end=\"1570\">d\u00e9menti officiel<\/strong> pour r\u00e9affirmer la r\u00e9alit\u00e9 des abandons et notre engagement pacifique.<\/p>\n<p>\u00a0\u00c0 lire ici : <a href=\"https:\/\/argos42.org\/communique-de-presse\/salons-du-chiot-argos-42-reaffirme-la-realite-des-abandons-et-son-engagement-pacifique\/\" target=\"_blank\" rel=\"nofollow noopener\">Salons du chiot : ARGOS 42 r\u00e9affirme la r\u00e9alit\u00e9 des abandons et son engagement pacifique<\/a><\/p>\n<p>Participez \u00e0 la suite du combat :<\/p>\n<p data-start=\"1745\" data-end=\"1913\"><strong data-start=\"1748\" data-end=\"1791\">Vous avez assist\u00e9 \u00e0 un salon du chiot ?<\/strong><br data-start=\"1791\" data-end=\"1794\"\/><strong data-start=\"1797\" data-end=\"1849\">Vous disposez de photos, vid\u00e9os ou t\u00e9moignages ?<\/strong><br data-start=\"1849\" data-end=\"1852\"\/> \u27a1 Signalez-le-nous via ce formulaire : <a href=\"https:\/\/argos42.org\/contactez-argos-42\/\" target=\"_blank\" rel=\"nofollow noopener\">Contactez ARGOS 42 : actions, soutien, conseils, p\u00e9titions<\/a><br \/><a href=\"https:\/\/argos42.org\/contactez-argos-42\/\" target=\"_blank\" rel=\"nofollow noopener\">https:\/\/argos42.org\/contactez-argos-42\/\u00a0<\/a><\/p>\n<p data-start=\"1915\" data-end=\"1982\">Chaque preuve est une arme pr\u00e9cieuse pour d\u00e9noncer ces pratiques.<\/p>\n<p>Soutenir un combat 100 % ind\u00e9pendant<\/p>\n<p data-start=\"2033\" data-end=\"2167\">ARGOS 42 ne re\u00e7oit <strong data-start=\"2052\" data-end=\"2110\">aucune subvention publique ni financement de l&rsquo;\u00e9tat.<\/strong><br data-start=\"2111\" data-end=\"2114\"\/> Notre force repose uniquement sur votre g\u00e9n\u00e9rosit\u00e9.<\/p>\n<p data-start=\"2169\" data-end=\"2293\">???? Chaque don nous permet d\u2019enqu\u00eater, de lancer de nouvelles campagnes et d\u2019agir sur le terrain pour prot\u00e9ger les animaux.<\/p>\n<p data-start=\"2295\" data-end=\"2351\">\u27a1\u00a0<a href=\"https:\/\/argos42.org\/soutenez-lassociation-argos-42\/\" target=\"_blank\" rel=\"nofollow noopener\">Soutenez l&rsquo;association ARGOS 42 &#8211; Pour la cause animale<\/a><\/p>\n<p data-start=\"2358\" data-end=\"2457\">Merci pour votre engagement et votre voix. Ensemble, nous faisons reculer l\u2019exploitation animale.<\/p>\n<p data-start=\"2459\" data-end=\"2568\">Chaleureusement,<br data-start=\"2475\" data-end=\"2478\"\/> L\u2019\u00e9quipe d\u2019ARGOS 42<br data-start=\"2497\" data-end=\"2500\"\/> <a href=\"http:\/\/www.argos42.org\" target=\"_new\" rel=\"noopener nofollow\" data-start=\"2500\" data-end=\"2515\">www.argos42.org<\/a>\u00a0<\/p>\n","protected":false},"excerpt":{"rendered":"D\u00e9menti officiel d\u2019ARGOS 42 face aux propos de l\u2019organisateur du salon du chiot Bonjour \u00e0 toutes et \u00e0&hellip;\n","protected":false},"author":2,"featured_media":283205,"comment_status":"","ping_status":"","sticky":false,"template":"","format":"standard","meta":{"footnotes":""},"categories":[9635],"tags":[1111,11,1777,674,1011,27,775,1702,12,25],"class_list":{"0":"post-336253","1":"post","2":"type-post","3":"status-publish","4":"format-standard","5":"has-post-thumbnail","7":"category-nancy","8":"tag-actu","9":"tag-actualites","10":"tag-eu","11":"tag-europe","12":"tag-fr","13":"tag-france","14":"tag-grand-est","15":"tag-nancy","16":"tag-news","17":"tag-republique-francaise"},"share_on_mastodon":{"url":"https:\/\/pubeurope.com\/@fr\/115072613920478513","error":""},"_links":{"self":[{"href":"https:\/\/www.europesays.com\/fr\/wp-json\/wp\/v2\/posts\/336253","targetHints":{"allow":["GET"]}}],"collection":[{"href":"https:\/\/www.europesays.com\/fr\/wp-json\/wp\/v2\/posts"}],"about":[{"href":"https:\/\/www.europesays.com\/fr\/wp-json\/wp\/v2\/types\/post"}],"author":[{"embeddable":true,"href":"https:\/\/www.europesays.com\/fr\/wp-json\/wp\/v2\/users\/2"}],"replies":[{"embeddable":true,"href":"https:\/\/www.europesays.com\/fr\/wp-json\/wp\/v2\/comments?post=336253"}],"version-history":[{"count":0,"href":"https:\/\/www.europesays.com\/fr\/wp-json\/wp\/v2\/posts\/336253\/revisions"}],"wp:featuredmedia":[{"embeddable":true,"href":"https:\/\/www.europesays.com\/fr\/wp-json\/wp\/v2\/media\/283205"}],"wp:attachment":[{"href":"https:\/\/www.europesays.com\/fr\/wp-json\/wp\/v2\/media?parent=336253"}],"wp:term":[{"taxonomy":"category","embeddable":true,"href":"https:\/\/www.europesays.com\/fr\/wp-json\/wp\/v2\/categories?post=336253"},{"taxonomy":"post_tag","embeddable":true,"href":"https:\/\/www.europesays.com\/fr\/wp-json\/wp\/v2\/tags?post=336253"}],"curies":[{"name":"wp","href":"https:\/\/api.w.org\/{rel}","templated":true}]}}