{"id":336257,"date":"2025-08-22T13:21:12","date_gmt":"2025-08-22T13:21:12","guid":{"rendered":"https:\/\/www.europesays.com\/fr\/336257\/"},"modified":"2025-08-22T13:21:12","modified_gmt":"2025-08-22T13:21:12","slug":"mhsc-le-milieu-de-terrain-joris-chotard-tout-proche-de-quitter-la-paillade-pour-rallier-brest","status":"publish","type":"post","link":"https:\/\/www.europesays.com\/fr\/336257\/","title":{"rendered":"MHSC\u00a0: le milieu de terrain Joris Chotard tout proche de quitter la Paillade pour rallier Brest"},"content":{"rendered":"<p>\n                                                                Le milieu de terrain form\u00e9 au sein du club h\u00e9raultais devrait bien gagner sous peu la Bretagne, selon des informations de ce vendredi 22\u00a0ao\u00fbt.\n                            <\/p>\n<p>La fin de l\u2019histoire entre Joris Chotard et le Montpellier HSC est proche. Un an apr\u00e8s un d\u00e9part avort\u00e9 \u00e0 Wolfsburg, le jeune milieu (23 ans) devrait cette fois bien quitter la Paillade pour rallier Brest, selon des informations de <a href=\"https:\/\/www.lequipe.fr\/Football\/Actualites\/Mercato-joris-chotard-attendu-a-brest\/1586669\" target=\"_blank\" rel=\"nofollow noopener\">L\u2019\u00c9quipe<\/a> que nous sommes en mesure de confirmer.<\/p>\n<p>Dans le viseur du club breton depuis quelques semaines, le joueur \u00e9tait absent du groupe montpelli\u00e9rain lundi au\u00a0Mans (1-2) et doit l\u2019\u00eatre pour celui retenu en vue du d\u00e9placement \u00e0 Troyes, ce samedi. Apr\u00e8s plusieurs jours de discussions, dirigeants brestois et montpelli\u00e9rains seraient finalement\u00a0parvenus \u00e0 un accord.<\/p>\n<p class=\"std-elt__inline\">\n        <strong>\u00c0 lire aussi :<\/strong><br \/>\n        <a href=\"https:\/\/www.midilibre.fr\/2025\/08\/19\/mhsc-on-verra-ce-quil-se-passera-un-choix-assume-pour-omeragic-et-chotard-un-avenir-en-questions-12883035.php\" rel=\"nofollow noopener\" target=\"_blank\">MHSC. \u00ab\u00a0On verra ce qu\u2019il se passera\u00a0\u00bb, \u00ab\u00a0un choix assum\u00e9\u00a0\u00bb\u00a0: pour Omeragic et Chotard, un avenir en questions<\/a>\n    <\/p>\n<p>Entr\u00e9 en jeu pour une vingtaine de minutes lors de la 1re journ\u00e9e face au Red Star (1-1), le m\u00e9daill\u00e9 d\u2019argent des JO 2024 est attendu dans le week-end dans le Finist\u00e8re. Il y passerait la visite m\u00e9dicale avant de mettre le point final \u00e0 ce transfert, pour lequel plusieurs montants circulent.<\/p>\n<p>Exp\u00e9rience \u00e9lev\u00e9e, performances en dents de scie<\/p>\n<p>Si l\u2019affaire se finalise bien, Chotard permettra \u00e0 Brest de pallier le d\u00e9part de Mahdi Camara \u00e0 Rennes. Tandis que sa longue aventure au MHSC s\u2019ach\u00e8vera apr\u00e8s plusieurs mercatos \u00e0 esp\u00e9rer une porte de sortie sans la trouver.<\/p>\n<p>Cette situation suscitait l\u2019incompr\u00e9hension des dirigeants h\u00e9raultais alors que le milieu totalise 177 matches de Ligue 1 et 190 rencontres professionnelles en six saisons pleines sous le maillot orange et bleu. Une exp\u00e9rience notable \u00e0 son \u00e2ge, qui s\u2019\u00e9tait\u00a0n\u00e9anmoins heurt\u00e9e \u00e0 des performances en dents de scie lors des deux derni\u00e8res campagnes, pour\u00a0une c\u00f4te en baisse sur le march\u00e9.<\/p>\n<p>Everson Junior arriv\u00e9, l\u2019incertitude Omeragic<\/p>\n<p>Natif d\u2019Orange, Chotard \u00e9tait arriv\u00e9 au MHSC en 2016, \u00e0 l\u2019\u00e2ge de 15 ans. T\u00eate tr\u00e8s bien faite, il avait re\u00e7u le troph\u00e9e Colette Nicollin de meilleur \u00e9l\u00e8ve du centre de formation en 2019. La m\u00eame ann\u00e9e, il avait paraph\u00e9 son premier contrat professionnel avant de conna\u00eetre sa premi\u00e8re titularisation dans l\u2019\u00e9lite, \u00e0 Rennes, le 10\u00a0ao\u00fbt. Un bapt\u00eame auquel avait succ\u00e9d\u00e9 un autre, \u00e0 La Mosson\u00a0cette fois, lors d\u2019un derby contre N\u00eemes (1-0), le 25\u00a0septembre 2019, sous les ordres de Michel Der Zakarian. Homme de base de son successeur, Olivier Dall\u2019Oglio, il avait en parall\u00e8le poursuivi\u00a0son ascension en s\u00e9lection. Jusqu\u2019\u00e0 disputer l\u2019Euro espoirs avec les Bleuets en 2023 puis les JO de Paris en 2024.<\/p>\n<p class=\"std-elt__inline\">\n        <strong>\u00c0 lire aussi :<\/strong><br \/>\n        <a href=\"https:\/\/www.midilibre.fr\/2025\/07\/28\/jo-paris-2024-un-an-apres-henry-na-pas-besoin-de-crier-pour-remettre-tout-le-monde-en-place-joris-chotard-se-souvient-12842139.php\" rel=\"nofollow noopener\" target=\"_blank\">JO Paris 2024, un an apr\u00e8s\u00a0: \u00ab\u00a0Henry\u00a0n\u2019a pas besoin de crier pour remettre tout le monde en place\u00a0\u00bb, Joris Chotard se souvient<\/a>\n    <\/p>\n<p>Ce d\u00e9part viendrait s\u2019ajouter \u00e0 ceux de Birama Tour\u00e9 (Manisa FK, Turquie) et de Jordan Ferri (Sampdoria, Italie), dont il \u00e9tait proche, au sein d\u2019un entrejeu o\u00f9 Chotard\u00a0ne devrait pas \u00eatre remplac\u00e9. Dans l\u2019esprit des dirigeants montpelli\u00e9rains, qui s\u2019activent notamment \u00e0 anticiper un potentiel d\u00e9part de Tanguy Coulibaly \u00e0 l\u2019aile gauche, l\u2019arriv\u00e9e d\u2019Everson Junior (AC Ajaccio, libre), la semaine derni\u00e8re, a combl\u00e9 certains manques autour du duo Mouanga-Omeragic, install\u00e9 par l\u2019entra\u00eeneur Zoumana Camara. Mais un d\u00e9part du Suisse, capitaine et pilier du milieu h\u00e9raultais, laisse toujours planer de vraies incertitudes. Chotard, lui, ne devrait plus en \u00eatre une.<\/p>\n","protected":false},"excerpt":{"rendered":"Le milieu de terrain form\u00e9 au sein du club h\u00e9raultais devrait bien gagner sous peu la Bretagne, selon&hellip;\n","protected":false},"author":2,"featured_media":336258,"comment_status":"","ping_status":"","sticky":false,"template":"","format":"standard","meta":{"footnotes":""},"categories":[9599],"tags":[1111,11,1777,674,1011,27,2208,12,2680,25],"class_list":{"0":"post-336257","1":"post","2":"type-post","3":"status-publish","4":"format-standard","5":"has-post-thumbnail","7":"category-montpellier","8":"tag-actu","9":"tag-actualites","10":"tag-eu","11":"tag-europe","12":"tag-fr","13":"tag-france","14":"tag-montpellier","15":"tag-news","16":"tag-occitanie","17":"tag-republique-francaise"},"share_on_mastodon":{"url":"https:\/\/pubeurope.com\/@fr\/115072629713534265","error":""},"_links":{"self":[{"href":"https:\/\/www.europesays.com\/fr\/wp-json\/wp\/v2\/posts\/336257","targetHints":{"allow":["GET"]}}],"collection":[{"href":"https:\/\/www.europesays.com\/fr\/wp-json\/wp\/v2\/posts"}],"about":[{"href":"https:\/\/www.europesays.com\/fr\/wp-json\/wp\/v2\/types\/post"}],"author":[{"embeddable":true,"href":"https:\/\/www.europesays.com\/fr\/wp-json\/wp\/v2\/users\/2"}],"replies":[{"embeddable":true,"href":"https:\/\/www.europesays.com\/fr\/wp-json\/wp\/v2\/comments?post=336257"}],"version-history":[{"count":0,"href":"https:\/\/www.europesays.com\/fr\/wp-json\/wp\/v2\/posts\/336257\/revisions"}],"wp:featuredmedia":[{"embeddable":true,"href":"https:\/\/www.europesays.com\/fr\/wp-json\/wp\/v2\/media\/336258"}],"wp:attachment":[{"href":"https:\/\/www.europesays.com\/fr\/wp-json\/wp\/v2\/media?parent=336257"}],"wp:term":[{"taxonomy":"category","embeddable":true,"href":"https:\/\/www.europesays.com\/fr\/wp-json\/wp\/v2\/categories?post=336257"},{"taxonomy":"post_tag","embeddable":true,"href":"https:\/\/www.europesays.com\/fr\/wp-json\/wp\/v2\/tags?post=336257"}],"curies":[{"name":"wp","href":"https:\/\/api.w.org\/{rel}","templated":true}]}}