{"id":336261,"date":"2025-08-22T13:25:13","date_gmt":"2025-08-22T13:25:13","guid":{"rendered":"https:\/\/www.europesays.com\/fr\/336261\/"},"modified":"2025-08-22T13:25:13","modified_gmt":"2025-08-22T13:25:13","slug":"grenoble-rencontres-nationales-de-loutdoor-mardi-23-septembre","status":"publish","type":"post","link":"https:\/\/www.europesays.com\/fr\/336261\/","title":{"rendered":"GRENOBLE : Rencontres Nationales de l\u2019Outdoor, mardi 23 septembre"},"content":{"rendered":"<p><b>Dans un mois, les Rencontres Nationales de l\u2019Outdoor font leur retour \u00e0 Grenoble.<\/b><\/p>\n<p style=\"font-weight: 400\">Rendez-vous le mardi 23 septembre \u00e0 Alpexpo (espace 1968) pour une journ\u00e9e de co-r\u00e9flexion d\u00e9di\u00e9e aux professionnels des activit\u00e9s outdoor et du tourisme sportif de nature. Et ce n\u2019est pas un hasard si cet \u00e9v\u00e9nement annuel a choisi Grenoble pour poser ses valises\u00a0! Si ses quatre massifs s\u00e9duisent les acteurs des rencontres sportives, ils attirent aussi les organisateurs de rencontres professionnelles qui b\u00e9n\u00e9ficient d\u2019un environnement qui conforte les projets, donne sens \u00e0 leurs manifestations et rassemble les acteurs de l\u2019\u00e9cosyst\u00e8me.<\/p>\n<p style=\"font-weight: 400\">Le soutien et l\u2019accueil des Rencontres Nationales de l\u2019Outdoor par Grenoble Alpes M\u00e9tropole depuis cinq ans t\u00e9moigne des ambitions du territoire de questionner, avec une port\u00e9e nationale, les diff\u00e9rentes dimensions de d\u00e9veloppement de l\u2019outdoor. L\u2019objectif est aussi d\u2019associer les acteurs locaux \u00e0 ce rendez-vous national et de dynamiser l\u2019\u00e9cosyst\u00e8me outdoor Grenoble Alpes.\u00a0<strong>\u00a0<\/strong><\/p>\n<p style=\"font-weight: 400\"><strong>Au programme\u00a0:<\/strong>\u00a0une matin\u00e9e en pl\u00e9ni\u00e8re, trois parcours th\u00e9matiques au choix l\u2019apr\u00e8s-midi, 40 intervenants et 400 participants pour une vision panoramique de l\u2019outdoor.<\/p>\n<p style=\"font-weight: 400\"><strong>Les 3 parcours\u00a0:<\/strong><\/p>\n<ul>\n<li style=\"font-weight: 400\"><strong>Outdoor &amp; Territoires<\/strong><\/li>\n<li style=\"font-weight: 400\"><strong>Sport &amp; Design<\/strong><\/li>\n<li style=\"font-weight: 400\"><strong>V\u00e9lo &amp; VAE<\/strong><\/li>\n<\/ul>\n<p style=\"font-weight: 400\">Dans la m\u00eame dynamique, le salon\u00a0<strong>Sport-Achat<\/strong>\u00a0s\u2019ancre \u00e9galement sur le territoire avec une \u00e9dition \u00e9t\u00e9 et hiver organis\u00e9e \u00e0 Alpexpo depuis 2024.<\/p>\n<p style=\"font-weight: 400\">La prochaine \u00e9dition \u00e9t\u00e9 a lieu les\u00a0<strong>8 et 9 septembre 2025<\/strong>. Depuis 2002 l\u2019\u00e9v\u00e8nement r\u00e9unit \u00e0 chaque rencontre 1 500 professionnels de l\u2019industrie des sports outdoor.<\/p>\n<p>\u00a0<\/p>\n","protected":false},"excerpt":{"rendered":"Dans un mois, les Rencontres Nationales de l\u2019Outdoor font leur retour \u00e0 Grenoble. Rendez-vous le mardi 23 septembre&hellip;\n","protected":false},"author":2,"featured_media":336262,"comment_status":"","ping_status":"","sticky":false,"template":"","format":"standard","meta":{"footnotes":""},"categories":[9566],"tags":[1111,11,2430,1777,674,1011,27,2731,12,25],"class_list":{"0":"post-336261","1":"post","2":"type-post","3":"status-publish","4":"format-standard","5":"has-post-thumbnail","7":"category-grenoble","8":"tag-actu","9":"tag-actualites","10":"tag-auvergne-rhone-alpes","11":"tag-eu","12":"tag-europe","13":"tag-fr","14":"tag-france","15":"tag-grenoble","16":"tag-news","17":"tag-republique-francaise"},"share_on_mastodon":{"url":"https:\/\/pubeurope.com\/@fr\/115072645495591305","error":""},"_links":{"self":[{"href":"https:\/\/www.europesays.com\/fr\/wp-json\/wp\/v2\/posts\/336261","targetHints":{"allow":["GET"]}}],"collection":[{"href":"https:\/\/www.europesays.com\/fr\/wp-json\/wp\/v2\/posts"}],"about":[{"href":"https:\/\/www.europesays.com\/fr\/wp-json\/wp\/v2\/types\/post"}],"author":[{"embeddable":true,"href":"https:\/\/www.europesays.com\/fr\/wp-json\/wp\/v2\/users\/2"}],"replies":[{"embeddable":true,"href":"https:\/\/www.europesays.com\/fr\/wp-json\/wp\/v2\/comments?post=336261"}],"version-history":[{"count":0,"href":"https:\/\/www.europesays.com\/fr\/wp-json\/wp\/v2\/posts\/336261\/revisions"}],"wp:featuredmedia":[{"embeddable":true,"href":"https:\/\/www.europesays.com\/fr\/wp-json\/wp\/v2\/media\/336262"}],"wp:attachment":[{"href":"https:\/\/www.europesays.com\/fr\/wp-json\/wp\/v2\/media?parent=336261"}],"wp:term":[{"taxonomy":"category","embeddable":true,"href":"https:\/\/www.europesays.com\/fr\/wp-json\/wp\/v2\/categories?post=336261"},{"taxonomy":"post_tag","embeddable":true,"href":"https:\/\/www.europesays.com\/fr\/wp-json\/wp\/v2\/tags?post=336261"}],"curies":[{"name":"wp","href":"https:\/\/api.w.org\/{rel}","templated":true}]}}