{"id":336265,"date":"2025-08-22T13:27:21","date_gmt":"2025-08-22T13:27:21","guid":{"rendered":"https:\/\/www.europesays.com\/fr\/336265\/"},"modified":"2025-08-22T13:27:21","modified_gmt":"2025-08-22T13:27:21","slug":"deux-morts-dans-un-accident-pres-de-rennes","status":"publish","type":"post","link":"https:\/\/www.europesays.com\/fr\/336265\/","title":{"rendered":"deux morts dans un accident pr\u00e8s de Rennes"},"content":{"rendered":"<p>            Par<br \/>\n        <strong><br \/>\n            <a href=\"https:\/\/actu.fr\/auteur\/celestin-deseguier\" title=\"Consulter tous les articles de Celestin de S\u00e9guier\" target=\"_blank\" rel=\"noopener\">Celestin de S\u00e9guier<\/a><br \/>\n        <\/strong><\/p>\n<p>        Publi\u00e9 le<\/p>\n<p>            22 ao\u00fbt 2025 \u00e0 10h49        <\/p>\n<p>Le drame s\u2019est d\u00e9roul\u00e9 jeudi 21\u00a0ao\u00fbt 2025, autour de 21\u2009h\u200930 sur la route d\u00e9partementale 794, qui relie l\u2019A 84 et <a href=\"https:\/\/actu.fr\/bretagne\/saint-aubin-du-cormier_35253\" target=\"_blank\" rel=\"noopener\">Saint-Aubin-du-Cormier<\/a> <b>(Ille-et-Vilaine<\/b>) \u00e0 Sens-de-Bretagne, deux voitures sont entr\u00e9es en collision, \u00e0 proximit\u00e9 du lieu-dit Moroval. \u00ab\u2009C\u2019est un choc frontal lat\u00e9ral\u2009\u00bb, pr\u00e9cisent les pompiers d\u2019Ille-et-Vilaine. Sur place, 31 sapeurs pompiers sont intervenus ainsi que des v\u00e9hicules et personnels de gendarmerie.<\/p>\n<p>    <img   decoding=\"async\" loading=\"lazy\" class=\"size-large\" src=\"https:\/\/www.europesays.com\/fr\/wp-content\/uploads\/2025\/08\/6daec04e28a8691bec04e28a8d5becv-960x640.jpg\" alt=\"Le lieu de l'accident, un virage dangereux sur la D794, proche du lieu-dit Moroval.\" width=\"960\" height=\"640\"\/><br \/>\n    Le lieu de l\u2019accident, un virage dangereux sur la D794, proche du lieu-dit Moroval. \u00a9C\u00e9lestin de S\u00e9guierDeux morts<\/p>\n<p class=\" wall-content\">Malgr\u00e9 les efforts des secours, les deux passagers d\u2019un des deux v\u00e9hicules, deux hommes \u00e2g\u00e9s de 28 et 29\u00a0ans, sont d\u00e9c\u00e9d\u00e9s sur place. La conductrice du deuxi\u00e8me v\u00e9hicule, une femme de 44\u00a0ans, a \u00e9t\u00e9 transport\u00e9e \u00e0 l\u2019h\u00f4pital de Foug\u00e8res en urgence relative.<\/p>\n<p class=\" wall-content\">Une enqu\u00eate de gendarmerie est en cours pour d\u00e9terminer les causes et circonstances de l\u2019accident.<\/p>\n<p class=\" wall-content\">Personnalisez votre actualit\u00e9 en ajoutant vos villes et m\u00e9dias en favori avec <a href=\"https:\/\/moncompte.actu.fr\" title=\"D\u00e9couvez Mon Actu\" rel=\"nofollow noopener\" data-trk=\"{&quot;cta&quot;:{&quot;action&quot;:&quot;https:\\\/\\\/moncompte.actu.fr&quot;,&quot;category&quot;:&quot;mon compte&quot;,&quot;from&quot;:&quot;article footer&quot;,&quot;name&quot;:&quot;Mon actu&quot;,&quot;type&quot;:&quot;cta&quot;}}\" target=\"_blank\">Mon Actu<\/a>.<\/p>\n","protected":false},"excerpt":{"rendered":"Par Celestin de S\u00e9guier Publi\u00e9 le 22 ao\u00fbt 2025 \u00e0 10h49 Le drame s\u2019est d\u00e9roul\u00e9 jeudi 21\u00a0ao\u00fbt 2025,&hellip;\n","protected":false},"author":2,"featured_media":336266,"comment_status":"","ping_status":"","sticky":false,"template":"","format":"standard","meta":{"footnotes":""},"categories":[2821],"tags":[119,1111,11,829,1777,674,1011,27,12,584,25,5009,104],"class_list":{"0":"post-336265","1":"post","2":"type-post","3":"status-publish","4":"format-standard","5":"has-post-thumbnail","7":"category-rennes","8":"tag-accident","9":"tag-actu","10":"tag-actualites","11":"tag-bretagne","12":"tag-eu","13":"tag-europe","14":"tag-fr","15":"tag-france","16":"tag-news","17":"tag-rennes","18":"tag-republique-francaise","19":"tag-securite-routiere","20":"tag-societe"},"share_on_mastodon":{"url":"https:\/\/pubeurope.com\/@fr\/115072653552164738","error":""},"_links":{"self":[{"href":"https:\/\/www.europesays.com\/fr\/wp-json\/wp\/v2\/posts\/336265","targetHints":{"allow":["GET"]}}],"collection":[{"href":"https:\/\/www.europesays.com\/fr\/wp-json\/wp\/v2\/posts"}],"about":[{"href":"https:\/\/www.europesays.com\/fr\/wp-json\/wp\/v2\/types\/post"}],"author":[{"embeddable":true,"href":"https:\/\/www.europesays.com\/fr\/wp-json\/wp\/v2\/users\/2"}],"replies":[{"embeddable":true,"href":"https:\/\/www.europesays.com\/fr\/wp-json\/wp\/v2\/comments?post=336265"}],"version-history":[{"count":0,"href":"https:\/\/www.europesays.com\/fr\/wp-json\/wp\/v2\/posts\/336265\/revisions"}],"wp:featuredmedia":[{"embeddable":true,"href":"https:\/\/www.europesays.com\/fr\/wp-json\/wp\/v2\/media\/336266"}],"wp:attachment":[{"href":"https:\/\/www.europesays.com\/fr\/wp-json\/wp\/v2\/media?parent=336265"}],"wp:term":[{"taxonomy":"category","embeddable":true,"href":"https:\/\/www.europesays.com\/fr\/wp-json\/wp\/v2\/categories?post=336265"},{"taxonomy":"post_tag","embeddable":true,"href":"https:\/\/www.europesays.com\/fr\/wp-json\/wp\/v2\/tags?post=336265"}],"curies":[{"name":"wp","href":"https:\/\/api.w.org\/{rel}","templated":true}]}}