{"id":336269,"date":"2025-08-22T13:29:11","date_gmt":"2025-08-22T13:29:11","guid":{"rendered":"https:\/\/www.europesays.com\/fr\/336269\/"},"modified":"2025-08-22T13:29:11","modified_gmt":"2025-08-22T13:29:11","slug":"toute-lactu-top-music-strasbourg-parmi-les-villes-etudiantes-les-plus-couteuses-de-france","status":"publish","type":"post","link":"https:\/\/www.europesays.com\/fr\/336269\/","title":{"rendered":"Toute l&rsquo;actu Top Music &#8211; Strasbourg, parmi les villes \u00e9tudiantes les plus co\u00fbteuses de France"},"content":{"rendered":"<p><img decoding=\"async\" class=\"\" style=\"width:100%\" src=\"https:\/\/www.europesays.com\/fr\/wp-content\/uploads\/2025\/08\/Image11755867102925.webp.webp\" alt=\"Facult\u00e9 de droit de Strasbourg\"\/><\/p>\n<p>Facult\u00e9 de droit de Strasbourg<\/p>\n<p>Cr\u00e9dit : Lucie Jacquemin<\/p>\n<p>L\u2019Unef a r\u00e9v\u00e9l\u00e9, ce mercredi 20 ao\u00fbt, son classement annuel des villes universitaires les plus ch\u00e8res. Strasbourg fait maintenant partie des 15 villes \u00e9tudiantes les plus co\u00fbteuses de France. Avec sa 14e place, <strong>la vie des \u00e9tudiants strasbourgeois va augmenter de 67\u20ac par mois<\/strong>. Dans la capitale europ\u00e9enne, un \u00e9tudiant sans aide financi\u00e8re devra pr\u00e9voir <strong>une d\u00e9pense mensuelle de 1 267,48\u20ac<\/strong>. \u00c0 titre de comparaison, lors de l\u2019ann\u00e9e universitaire 2024-2025, la moyenne s\u2019\u00e9levait \u00e0 1 193,90\u20ac par mois. Cela repr\u00e9sente donc une hausse de 5,6%.<\/p>\n<p><strong>Les actions de l\u2019AFGES<\/strong><\/p>\n<p>Selon le communiqu\u00e9 de presse de l\u2019Unef, <strong>le loyer repr\u00e9sente plus de 50% des d\u00e9penses des \u00e9tudiants<\/strong>. Les loyers strasbourgeois ont augment\u00e9 de 2 points de pourcentage entre 2024 et 2025. Les actions de l\u2019AFGES (Association F\u00e9d\u00e9rative G\u00e9n\u00e9rale des \u00c9tudiants de Strasbourg) s\u2019orientent donc en priorit\u00e9 vers le logement. \u00ab\u00a0On souhaite un encadrement des logements mais aussi une r\u00e9gulation des Airbnb\u00a0\u00bb, explique Caroline Knab, pr\u00e9sidente de l\u2019association. Elle souhaite aussi <strong>que les repas Crous soient accessibles \u00e0 1\u20ac pour tous<\/strong>. Les \u00e9piceries de l\u2019association situ\u00e9es \u00e0 Gallia et \u00e0 l\u2019Esplanade seront aussi pr\u00eates \u00e0 accueillir les \u00e9tudiants dans le besoin. \u00ab\u00a0On va rouvrir l\u2019\u00e9picerie pr\u00e8s de l\u2019Esplanade apr\u00e8s un an et demi de travaux\u00a0\u00bb, confirme-t-elle.<\/p>\n<p><strong>Les crit\u00e8res de l\u2019\u00e9tude<\/strong><\/p>\n<p>Pour \u00e9tablir cette \u00e9tude, plusieurs crit\u00e8res entrent en compte. L\u2019Unef prend en consid\u00e9ration les frais d\u2019inscription \u00e0 l\u2019universit\u00e9, la CVEC (contribution de vie \u00e9tudiante et de campus), le loyer, l\u2019\u00e9lectricit\u00e9, les transports en commun, les frais bancaires ou de mutuelle, les v\u00eatements, le forfait internet et enfin les loisirs.<\/p>\n<p><strong>Le co\u00fbt de la vie \u00e9tudiante a augment\u00e9 de 30 points de pourcentage depuis 2017.<\/strong><\/p>\n","protected":false},"excerpt":{"rendered":"Facult\u00e9 de droit de Strasbourg Cr\u00e9dit : Lucie Jacquemin L\u2019Unef a r\u00e9v\u00e9l\u00e9, ce mercredi 20 ao\u00fbt, son classement&hellip;\n","protected":false},"author":2,"featured_media":336270,"comment_status":"","ping_status":"","sticky":false,"template":"","format":"standard","meta":{"footnotes":""},"categories":[2820],"tags":[1111,11,2389,4077,16862,2649,3590,10692,1283,6379,47298,1777,674,1011,27,775,22348,12,10181,25,640,7420],"class_list":{"0":"post-336269","1":"post","2":"type-post","3":"status-publish","4":"format-standard","5":"has-post-thumbnail","7":"category-strasbourg","8":"tag-actu","9":"tag-actualites","10":"tag-alsace","11":"tag-association","12":"tag-augmentation","13":"tag-bas-rhin","14":"tag-cout","15":"tag-depenses","16":"tag-etudes","17":"tag-etudiants","18":"tag-etudier","19":"tag-eu","20":"tag-europe","21":"tag-fr","22":"tag-france","23":"tag-grand-est","24":"tag-loyers","25":"tag-news","26":"tag-precarite","27":"tag-republique-francaise","28":"tag-strasbourg","29":"tag-top-music"},"share_on_mastodon":{"url":"https:\/\/pubeurope.com\/@fr\/115072661208131724","error":""},"_links":{"self":[{"href":"https:\/\/www.europesays.com\/fr\/wp-json\/wp\/v2\/posts\/336269","targetHints":{"allow":["GET"]}}],"collection":[{"href":"https:\/\/www.europesays.com\/fr\/wp-json\/wp\/v2\/posts"}],"about":[{"href":"https:\/\/www.europesays.com\/fr\/wp-json\/wp\/v2\/types\/post"}],"author":[{"embeddable":true,"href":"https:\/\/www.europesays.com\/fr\/wp-json\/wp\/v2\/users\/2"}],"replies":[{"embeddable":true,"href":"https:\/\/www.europesays.com\/fr\/wp-json\/wp\/v2\/comments?post=336269"}],"version-history":[{"count":0,"href":"https:\/\/www.europesays.com\/fr\/wp-json\/wp\/v2\/posts\/336269\/revisions"}],"wp:featuredmedia":[{"embeddable":true,"href":"https:\/\/www.europesays.com\/fr\/wp-json\/wp\/v2\/media\/336270"}],"wp:attachment":[{"href":"https:\/\/www.europesays.com\/fr\/wp-json\/wp\/v2\/media?parent=336269"}],"wp:term":[{"taxonomy":"category","embeddable":true,"href":"https:\/\/www.europesays.com\/fr\/wp-json\/wp\/v2\/categories?post=336269"},{"taxonomy":"post_tag","embeddable":true,"href":"https:\/\/www.europesays.com\/fr\/wp-json\/wp\/v2\/tags?post=336269"}],"curies":[{"name":"wp","href":"https:\/\/api.w.org\/{rel}","templated":true}]}}