{"id":336273,"date":"2025-08-22T13:31:17","date_gmt":"2025-08-22T13:31:17","guid":{"rendered":"https:\/\/www.europesays.com\/fr\/336273\/"},"modified":"2025-08-22T13:31:17","modified_gmt":"2025-08-22T13:31:17","slug":"une-barque-de-peche-en-feu-au-port-de-nice","status":"publish","type":"post","link":"https:\/\/www.europesays.com\/fr\/336273\/","title":{"rendered":"Une barque de p\u00eache en feu au port de Nice"},"content":{"rendered":"<p>Les pompiers sont intervenus ce vendredi 22 ao\u00fbt 2025 au port de Nice pour un feu de batterie au lithium sur un pointu.<\/p>\n<p>Le sinistre a \u00e9t\u00e9 rapidement ma\u00eetris\u00e9 gr\u00e2ce \u00e0 l\u2019action des sapeurs-pompiers, \u00e0 l&rsquo;aide d&rsquo;une lance \u00e0 main pour stopper la propagation. <strong>La batterie \u00e0 l&rsquo;origine du sinistre a ensuite \u00e9t\u00e9 immerg\u00e9e dans un bac d\u2019eau<\/strong> pour refroidissement, selon les proc\u00e9dures de s\u00e9curit\u00e9. Des v\u00e9rifications \u00e0 la cam\u00e9ra thermique ont confirm\u00e9 l\u2019absence de danger \u00e0 bord.<\/p>\n<p>Importants moyens d\u00e9ploy\u00e9s<\/p>\n<p>10 engins et 18 pompiers \u00e9taient mobilis\u00e9s. La police nationale, la police municipale et les autorit\u00e9s portuaires \u00e9taient \u00e9galement pr\u00e9sentes sur les lieux.<\/p>\n","protected":false},"excerpt":{"rendered":"Les pompiers sont intervenus ce vendredi 22 ao\u00fbt 2025 au port de Nice pour un feu de batterie&hellip;\n","protected":false},"author":2,"featured_media":336274,"comment_status":"","ping_status":"","sticky":false,"template":"","format":"standard","meta":{"footnotes":""},"categories":[2819],"tags":[1111,11,1777,674,1011,27,12,2401,882,25],"class_list":{"0":"post-336273","1":"post","2":"type-post","3":"status-publish","4":"format-standard","5":"has-post-thumbnail","7":"category-nice","8":"tag-actu","9":"tag-actualites","10":"tag-eu","11":"tag-europe","12":"tag-fr","13":"tag-france","14":"tag-news","15":"tag-nice","16":"tag-provence-alpes-cote-dazur","17":"tag-republique-francaise"},"share_on_mastodon":{"url":"https:\/\/pubeurope.com\/@fr\/115072668999342972","error":""},"_links":{"self":[{"href":"https:\/\/www.europesays.com\/fr\/wp-json\/wp\/v2\/posts\/336273","targetHints":{"allow":["GET"]}}],"collection":[{"href":"https:\/\/www.europesays.com\/fr\/wp-json\/wp\/v2\/posts"}],"about":[{"href":"https:\/\/www.europesays.com\/fr\/wp-json\/wp\/v2\/types\/post"}],"author":[{"embeddable":true,"href":"https:\/\/www.europesays.com\/fr\/wp-json\/wp\/v2\/users\/2"}],"replies":[{"embeddable":true,"href":"https:\/\/www.europesays.com\/fr\/wp-json\/wp\/v2\/comments?post=336273"}],"version-history":[{"count":0,"href":"https:\/\/www.europesays.com\/fr\/wp-json\/wp\/v2\/posts\/336273\/revisions"}],"wp:featuredmedia":[{"embeddable":true,"href":"https:\/\/www.europesays.com\/fr\/wp-json\/wp\/v2\/media\/336274"}],"wp:attachment":[{"href":"https:\/\/www.europesays.com\/fr\/wp-json\/wp\/v2\/media?parent=336273"}],"wp:term":[{"taxonomy":"category","embeddable":true,"href":"https:\/\/www.europesays.com\/fr\/wp-json\/wp\/v2\/categories?post=336273"},{"taxonomy":"post_tag","embeddable":true,"href":"https:\/\/www.europesays.com\/fr\/wp-json\/wp\/v2\/tags?post=336273"}],"curies":[{"name":"wp","href":"https:\/\/api.w.org\/{rel}","templated":true}]}}