{"id":336275,"date":"2025-08-22T13:34:15","date_gmt":"2025-08-22T13:34:15","guid":{"rendered":"https:\/\/www.europesays.com\/fr\/336275\/"},"modified":"2025-08-22T13:34:15","modified_gmt":"2025-08-22T13:34:15","slug":"national-2-nantes-stade-poitevin-bergerac-les-confidences-de-ludovic-faucher-avant-le-deplacement-a-dinan","status":"publish","type":"post","link":"https:\/\/www.europesays.com\/fr\/336275\/","title":{"rendered":"National 2. Nantes, Stade Poitevin, Bergerac\u2026 les confidences de Ludovic Faucher avant le d\u00e9placement \u00e0 Dinan"},"content":{"rendered":"<p><strong>Dinan\u00a0&#8211; Stade Poitevin<\/strong><\/p>\n<p>Ceux qui aiment la technique seront forc\u00e9ment s\u00e9duits par<a target=\"_self\" href=\"https:\/\/www.lanouvellerepublique.fr\/poitiers\/national-2-le-stade-poitevin-fc-tient-sa-8e-recrue-avec-la-signature-de-ludovic-faucher-1752155854\" rel=\"noopener\"> Ludovic Faucher<\/a>. \u00c9l\u00e9gant balle au pied, le nouveau milieu du Stade Poitevin joue toujours dans le bon tempo. Ses passes vers l\u2019avant font souvent mouche. Tant\u00f4t excentr\u00e9 qui rentre \u00e0 l\u2019int\u00e9rieur, tant\u00f4t meneur de jeu, l\u2019ancien Nantais fait partie des tr\u00e8s bonnes pioches du mercato. Courtis\u00e9 par de nombreuses formations, le Limougeaud revient sur son choix et \u00e9voque les diff\u00e9rentes \u00e9tapes de sa carri\u00e8re avant le d\u00e9placement \u00e0 Dinan&#8230;. <\/p>\n<p>    Cet article a \u00e9t\u00e9 tronqu\u00e9. Abonnez-vous pour lire l&rsquo;article complet sur notre site.<\/p>\n<p style=\"margin: 0 !important; padding: 0 !important; font-size: 12px !important;\">Cet article a \u00e9t\u00e9 tronqu\u00e9. Abonnez-vous pour lire l&rsquo;article complet.<\/p>\n<p>    <a href=\"https:\/\/www.lanouvellerepublique.fr\/abonnements\" style=\"display: inline-block; margin-top: 5px !important; padding: 6px 12px !important; background: #cb1c27; color: white; text-decoration: none; border-radius: 4px; font-size: 12px !important;\" target=\"_blank\" rel=\"noopener\"><br \/>\n      S&rsquo;abonner<br \/>\n    <\/a><\/p>\n","protected":false},"excerpt":{"rendered":"Dinan\u00a0&#8211; Stade Poitevin Ceux qui aiment la technique seront forc\u00e9ment s\u00e9duits par Ludovic Faucher. \u00c9l\u00e9gant balle au pied,&hellip;\n","protected":false},"author":2,"featured_media":336276,"comment_status":"","ping_status":"","sticky":false,"template":"","format":"standard","meta":{"footnotes":""},"categories":[2818],"tags":[1392,1111,11,21929,1777,674,63,1011,27,766,22485,12,2636,1653,25,60,47299,1584],"class_list":{"0":"post-336275","1":"post","2":"type-post","3":"status-publish","4":"format-standard","5":"has-post-thumbnail","7":"category-nantes","8":"tag-a-la-une-local","9":"tag-actu","10":"tag-actualites","11":"tag-chauvigny","12":"tag-eu","13":"tag-europe","14":"tag-football","15":"tag-fr","16":"tag-france","17":"tag-nantes","18":"tag-nationaux-football","19":"tag-news","20":"tag-pays-de-la-loire","21":"tag-poitiers","22":"tag-republique-francaise","23":"tag-sports","24":"tag-stade-poitevin","25":"tag-vienne"},"share_on_mastodon":{"url":"https:\/\/pubeurope.com\/@fr\/115072680803771093","error":""},"_links":{"self":[{"href":"https:\/\/www.europesays.com\/fr\/wp-json\/wp\/v2\/posts\/336275","targetHints":{"allow":["GET"]}}],"collection":[{"href":"https:\/\/www.europesays.com\/fr\/wp-json\/wp\/v2\/posts"}],"about":[{"href":"https:\/\/www.europesays.com\/fr\/wp-json\/wp\/v2\/types\/post"}],"author":[{"embeddable":true,"href":"https:\/\/www.europesays.com\/fr\/wp-json\/wp\/v2\/users\/2"}],"replies":[{"embeddable":true,"href":"https:\/\/www.europesays.com\/fr\/wp-json\/wp\/v2\/comments?post=336275"}],"version-history":[{"count":0,"href":"https:\/\/www.europesays.com\/fr\/wp-json\/wp\/v2\/posts\/336275\/revisions"}],"wp:featuredmedia":[{"embeddable":true,"href":"https:\/\/www.europesays.com\/fr\/wp-json\/wp\/v2\/media\/336276"}],"wp:attachment":[{"href":"https:\/\/www.europesays.com\/fr\/wp-json\/wp\/v2\/media?parent=336275"}],"wp:term":[{"taxonomy":"category","embeddable":true,"href":"https:\/\/www.europesays.com\/fr\/wp-json\/wp\/v2\/categories?post=336275"},{"taxonomy":"post_tag","embeddable":true,"href":"https:\/\/www.europesays.com\/fr\/wp-json\/wp\/v2\/tags?post=336275"}],"curies":[{"name":"wp","href":"https:\/\/api.w.org\/{rel}","templated":true}]}}