{"id":336279,"date":"2025-08-22T13:36:11","date_gmt":"2025-08-22T13:36:11","guid":{"rendered":"https:\/\/www.europesays.com\/fr\/336279\/"},"modified":"2025-08-22T13:36:11","modified_gmt":"2025-08-22T13:36:11","slug":"emmanuel-carrere-david-diop-leonor-de-recondo-les-rencontres-litteraires-de-septembre-a-bordeaux","status":"publish","type":"post","link":"https:\/\/www.europesays.com\/fr\/336279\/","title":{"rendered":"Emmanuel Carr\u00e8re, David Diop, L\u00e9onor de\u00a0R\u00e9condo\u2026 les rencontres litt\u00e9raires de septembre \u00e0 Bordeaux"},"content":{"rendered":"<p>Suivront\u00a0Laurent Mauvignier qui pr\u00e9sentera son roman \u00ab\u00a0La Maison vide\u00a0\u00bb, le vendredi 12\u00a0septembre \u00e0 18\u00a0heures et L\u00e9onor de\u00a0R\u00e9condo\u00a0qui \u00e9voquera \u00ab\u00a0Marcher dans tes pas\u00a0\u00bb, le mardi 16\u00a0septembre \u00e0 18\u00a0heures.<\/p>\n<p>Une discussion avec\u00a0St\u00e9phanie Deschamps-Tan et Sophie Barth\u00e9l\u00e9my\u00a0est ensuite pr\u00e9vue le 17\u00a0septembre, toujours \u00e0 18 heures, autour <a href=\"https:\/\/www.sudouest.fr\/gironde\/bordeaux\/exposition-l-enfance-au-tournant-du-xixe-siecle-au-musee-des-beaux-arts-de-bordeaux-25215144.php\" target=\"_blank\" rel=\"follow nofollow noopener\">de l\u2019exposition \u00ab\u00a0Sage comme une image\u00a0\u00bb<\/a> \u00e0 voir jusqu\u2019au 3\u00a0novembre au mus\u00e9e des Beaux-Arts de Bordeaux. En partenariat avec Cap Sciences, la sociologue franco isra\u00e9lienne Eva Illouz pr\u00e9sentera quant \u00e0 elle \u00ab\u00a0Explosive modernit\u00e9\u00a0\u00bb, le lendemain.<\/p>\n<p>Toujours \u00e0 la station Ausone, David Diop\u00a0pr\u00e9sentera \u00ab\u00a0O\u00f9 s\u2019adosse le ciel\u00a0\u00bb, le mardi 23\u00a0septembre et Tal Bruttmann \u00ab\u00a0Auschwitz\u00a0: l\u2019image comme source\u00a0\u00bb, le vendredi 26\u00a0septembre.<\/p>\n<p>D\u2019autres rendez-vous\u2026<\/p>\n<p><a href=\"https:\/\/www.instagram.com\/librairie.les400coups.bordeaux\/?hl=fr\" target=\"_blank\" rel=\"nofollow noopener\">La librairie les 400 coups<\/a> pr\u00e9voit aussi une s\u00e9rie de rencontres\u00a0: Simon Drouard et Vianney Louvet devraient pr\u00e9senter \u00ab\u00a0Un roman \u00e0 succ\u00e8s sur papier recycl\u00e9\u00a0\u00bb le 11\u00a0septembre (18\u00a0h\u00a030) et Bruno Loth sa bande dessin\u00e9e \u00ab\u00a0La Fabrique des insurg\u00e9es\u00a0\u00bb le lendemain au m\u00eame horaire. C\u00f4t\u00e9 BD, le britannique Bryan Talbot sera <a href=\"https:\/\/www.canalbd.net\/krazy-kat\/evenements\/?year=2025&amp;month=9\" target=\"_blank\" rel=\"nofollow noopener\">chez Krazy Kat<\/a> le 19\u00a0septembre et Karine Bernadou le 20\u00a0septembre.<\/p>\n<p>        <script async src=\"\/\/www.instagram.com\/embed.js\"><\/script><\/p>\n","protected":false},"excerpt":{"rendered":"Suivront\u00a0Laurent Mauvignier qui pr\u00e9sentera son roman \u00ab\u00a0La Maison vide\u00a0\u00bb, le vendredi 12\u00a0septembre \u00e0 18\u00a0heures et L\u00e9onor de\u00a0R\u00e9condo\u00a0qui \u00e9voquera&hellip;\n","protected":false},"author":2,"featured_media":336280,"comment_status":"","ping_status":"","sticky":false,"template":"","format":"standard","meta":{"footnotes":""},"categories":[2817],"tags":[1111,11,1997,1777,674,1011,27,12,2219,25],"class_list":{"0":"post-336279","1":"post","2":"type-post","3":"status-publish","4":"format-standard","5":"has-post-thumbnail","7":"category-bordeaux","8":"tag-actu","9":"tag-actualites","10":"tag-bordeaux","11":"tag-eu","12":"tag-europe","13":"tag-fr","14":"tag-france","15":"tag-news","16":"tag-nouvelle-aquitaine","17":"tag-republique-francaise"},"share_on_mastodon":{"url":"https:\/\/pubeurope.com\/@fr\/115072688731072093","error":""},"_links":{"self":[{"href":"https:\/\/www.europesays.com\/fr\/wp-json\/wp\/v2\/posts\/336279","targetHints":{"allow":["GET"]}}],"collection":[{"href":"https:\/\/www.europesays.com\/fr\/wp-json\/wp\/v2\/posts"}],"about":[{"href":"https:\/\/www.europesays.com\/fr\/wp-json\/wp\/v2\/types\/post"}],"author":[{"embeddable":true,"href":"https:\/\/www.europesays.com\/fr\/wp-json\/wp\/v2\/users\/2"}],"replies":[{"embeddable":true,"href":"https:\/\/www.europesays.com\/fr\/wp-json\/wp\/v2\/comments?post=336279"}],"version-history":[{"count":0,"href":"https:\/\/www.europesays.com\/fr\/wp-json\/wp\/v2\/posts\/336279\/revisions"}],"wp:featuredmedia":[{"embeddable":true,"href":"https:\/\/www.europesays.com\/fr\/wp-json\/wp\/v2\/media\/336280"}],"wp:attachment":[{"href":"https:\/\/www.europesays.com\/fr\/wp-json\/wp\/v2\/media?parent=336279"}],"wp:term":[{"taxonomy":"category","embeddable":true,"href":"https:\/\/www.europesays.com\/fr\/wp-json\/wp\/v2\/categories?post=336279"},{"taxonomy":"post_tag","embeddable":true,"href":"https:\/\/www.europesays.com\/fr\/wp-json\/wp\/v2\/tags?post=336279"}],"curies":[{"name":"wp","href":"https:\/\/api.w.org\/{rel}","templated":true}]}}