{"id":336287,"date":"2025-08-22T13:40:11","date_gmt":"2025-08-22T13:40:11","guid":{"rendered":"https:\/\/www.europesays.com\/fr\/336287\/"},"modified":"2025-08-22T13:40:11","modified_gmt":"2025-08-22T13:40:11","slug":"zakaria-fati-pogba-le-mercato-voici-ce-quil-faut-retenir-de-la-conference-de-presse-de-las-monaco-avant-le-match-a-lille","status":"publish","type":"post","link":"https:\/\/www.europesays.com\/fr\/336287\/","title":{"rendered":"Zakaria, Fati, Pogba, le mercato: voici ce qu\u2019il faut retenir de la conf\u00e9rence de presse de l\u2019AS Monaco avant le match \u00e0 Lille"},"content":{"rendered":"<p>Apr\u00e8s leur succ\u00e8s face au Havre (3-1), lors de la premi\u00e8re journ\u00e9e de Ligue 1 samedi dernier, les joueurs de l\u2019AS Monaco vont avoir droit \u00e0 un test un peu plus cors\u00e9 ce dimanche.<\/p>\n<p>Au menu, un d\u00e9placement \u00e0 Lille qui en dira un peu plus sur la forme du groupe d\u2019Adi H\u00fctter en ce d\u00e9but de saison. Venus face \u00e0 la presse, ce vendredi en d\u00e9but d\u2019apr\u00e8s-midi, le technicien autrichien et le Directeur G\u00e9n\u00e9ral Thiago Scuro ont balay\u00e9 plusieurs sujets. E<\/p>\n<p>n prenant garde de ne pas trop en donner, m\u00eame si quelques informations ont malgr\u00e9 tout \u00e9t\u00e9 gliss\u00e9es.<\/p>\n<p><b>Thiago Scuro sur Denis Zakaria, annonc\u00e9 partant \u00e0 Al-Ahli mais finalement rest\u00e9 au club:<\/b>\u00ab\u00a0Nous travaillons en proximit\u00e9 avec les joueurs chaque jour. Denis est le capitaine, il fait partie des cadres dont on a eu beaucoup d\u2019interactions avec lui durant les deux derni\u00e8res ann\u00e9es. Je ne pense pas que c\u2019est une question de convaincre qui que ce soit. Mais des situations arrivent, des choses se passent et on traite les offres avec respect. On a consid\u00e9r\u00e9 que la meilleure option \u00e9tait de continuer cette saison \u00e0 Monaco (pour Denis). Il n\u2019y a pas eu de frictions ni de conflits. \u00c7a n\u2019a pas eu un grand impact parce qu\u2019on \u00e9tait off, on a pu parler tranquillement. Denis a aussi du temps pour r\u00e9fl\u00e9chir. La page est tourn\u00e9e. Un nouveau contrat? Pas maintenant, mais \u00e7a peut arriver dans le futur. On a montr\u00e9 qu\u2019on savait \u00eatre proactifs, on l\u2019a prouv\u00e9 par le pass\u00e9 avec Ben Seghir, Akliouche\u2026\u00a0\u00bb<\/p>\n<p><b>Adi H\u00fctter sur Ansu Fati, pr\u00e9sent \u00e0 l\u2019entra\u00eenement mais pas encore dans le groupe:<\/b> \u00ab\u00a0Ansu ne sera pas dans l\u2019\u00e9quipe (\u00e0 Lille) mais il est vraiment sur le bon chemin, il est totalement int\u00e9gr\u00e9, aux entra\u00eenements chaque jour. Il sera dans le groupe apr\u00e8s la tr\u00eave internationale. Il \u00e9tait toujours bless\u00e9 lors du d\u00e9but des trois-quatre derni\u00e8res saisons. On veut le prot\u00e9ger et le mener vers sa meilleure forme, c\u2019est pour \u00e7a que \u00e7a prend peut-\u00eatre plus de temps que pour d\u2019autres joueurs. On n\u2019est pas dans le rush, la saison est longue. On ne va pas prendre de grands risques, m\u00eame si tout le monde veut le voir sur le terrain.\u00a0\u00bb<\/p>\n<p><b>Thiago Scuro sur le mercato et le groupe tr\u00e8s fourni (29 joueurs \u00e0 l\u2019entra\u00eenement ce vendredi): <\/b>\u00ab\u00a0Est-ce que c\u2019est surprenant de ne pas avoir vendu plus que \u00e7a? On travaille sur certains dossiers, je ne sais pas si c\u2019est surprenant, on ne contr\u00f4le pas vraiment la dynamique du march\u00e9. C\u2019est aussi le r\u00e9sultat de notre fa\u00e7on d\u2019\u00e9valuer nos joueurs, on est tr\u00e8s clair sur nos attentes. Certaines situations vont sans doute se d\u00e9canter dans les dix derniers jours du mercato. Que va-t-il se passer Eliesse? Je ne sais pas pour le moment (ferme). Je ne peux pas pr\u00e9dire le futur. [&#8230;] Pour moi, le mercato devrait \u00eatre termin\u00e9 quand la saison d\u00e9bute.\u00a0\u00bb<\/p>\n<p><b>Thiago Scuro sur Adrien Rabiot: <\/b>\u00ab\u00a0Si le club est int\u00e9ress\u00e9 par Rabiot? On n\u2019a jamais discut\u00e9 avec lui pour une \u00e9ventuelle signature.\u00a0\u00bb<\/p>\n<p><b>Adi H\u00fctter sur la forme de Balogun, absent du groupe lors du premier match: <\/b>\u00ab\u00a0Pour moi, \u2018\u2018Balo\u2019\u2019 est pr\u00eat \u00e0 \u00eatre dans le 11 \u00e0 Lille. On a plusieurs options.\u00a0\u00bb<\/p>\n<p><b>Adi H\u00fctter, sur l\u2019absence de Paul Pogba \u00e0 l\u2019entra\u00eenement lors des quinze minutes ouvertes \u00e0 la presse:<\/b> \u00ab\u00a0Il \u00e9tait l\u00e0, il est arriv\u00e9 sur le terrain quand vous \u00eates partis (les journalistes). Il travaille beaucoup en int\u00e9rieur, il est sur la bonne voie.\u00a0\u00bb<\/p>\n","protected":false},"excerpt":{"rendered":"Apr\u00e8s leur succ\u00e8s face au Havre (3-1), lors de la premi\u00e8re journ\u00e9e de Ligue 1 samedi dernier, les&hellip;\n","protected":false},"author":2,"featured_media":336288,"comment_status":"","ping_status":"","sticky":false,"template":"","format":"standard","meta":{"footnotes":""},"categories":[2815],"tags":[1111,11,1777,674,63,1011,27,811,1307,12,25,60],"class_list":{"0":"post-336287","1":"post","2":"type-post","3":"status-publish","4":"format-standard","5":"has-post-thumbnail","7":"category-lille","8":"tag-actu","9":"tag-actualites","10":"tag-eu","11":"tag-europe","12":"tag-football","13":"tag-fr","14":"tag-france","15":"tag-hauts-de-france","16":"tag-lille","17":"tag-news","18":"tag-republique-francaise","19":"tag-sports"},"share_on_mastodon":{"url":"https:\/\/pubeurope.com\/@fr\/115072704403804443","error":""},"_links":{"self":[{"href":"https:\/\/www.europesays.com\/fr\/wp-json\/wp\/v2\/posts\/336287","targetHints":{"allow":["GET"]}}],"collection":[{"href":"https:\/\/www.europesays.com\/fr\/wp-json\/wp\/v2\/posts"}],"about":[{"href":"https:\/\/www.europesays.com\/fr\/wp-json\/wp\/v2\/types\/post"}],"author":[{"embeddable":true,"href":"https:\/\/www.europesays.com\/fr\/wp-json\/wp\/v2\/users\/2"}],"replies":[{"embeddable":true,"href":"https:\/\/www.europesays.com\/fr\/wp-json\/wp\/v2\/comments?post=336287"}],"version-history":[{"count":0,"href":"https:\/\/www.europesays.com\/fr\/wp-json\/wp\/v2\/posts\/336287\/revisions"}],"wp:featuredmedia":[{"embeddable":true,"href":"https:\/\/www.europesays.com\/fr\/wp-json\/wp\/v2\/media\/336288"}],"wp:attachment":[{"href":"https:\/\/www.europesays.com\/fr\/wp-json\/wp\/v2\/media?parent=336287"}],"wp:term":[{"taxonomy":"category","embeddable":true,"href":"https:\/\/www.europesays.com\/fr\/wp-json\/wp\/v2\/categories?post=336287"},{"taxonomy":"post_tag","embeddable":true,"href":"https:\/\/www.europesays.com\/fr\/wp-json\/wp\/v2\/tags?post=336287"}],"curies":[{"name":"wp","href":"https:\/\/api.w.org\/{rel}","templated":true}]}}