{"id":336289,"date":"2025-08-22T13:41:13","date_gmt":"2025-08-22T13:41:13","guid":{"rendered":"https:\/\/www.europesays.com\/fr\/336289\/"},"modified":"2025-08-22T13:41:13","modified_gmt":"2025-08-22T13:41:13","slug":"les-genereux-du-04-02-2026-au-07-02-2026-marseille","status":"publish","type":"post","link":"https:\/\/www.europesays.com\/fr\/336289\/","title":{"rendered":"Les g\u00e9n\u00e9reux &#8211; Du 04\/02\/2026 au 07\/02\/2026 &#8211; Marseille"},"content":{"rendered":"<p>\u00c9crite en 1984,\u00a0El Ajouad\u00a0est l\u2019une des \u0153uvres majeures de l\u2019auteur alg\u00e9rien Abdelkader Alloula assassin\u00e9 10 ans plus tard \u00e0 Oran. Ce texte compos\u00e9 de trois r\u00e9cits, encadr\u00e9s par de bouleversantes ballades musicales, met en sc\u00e8ne des personnages au statut social modeste qui \u0153uvrent \u00e0 rendre plus humaine une soci\u00e9t\u00e9 in\u00e9galitaire : le concierge d\u2019un lyc\u00e9e, un employ\u00e9 d\u2019h\u00f4pital, et un syndicaliste qui vient en aide aux animaux d\u00e9laiss\u00e9s.<\/p>\n<p>Chaque personnage donne son nom \u00e0 l\u2019un des r\u00e9cits,\u00a0Hbib Errebouhi, Akli et M\u2019nawer, Djelloul El Fhaymi.<\/p>\n<p>Fruit de la rencontre en 2019 \u00e0 Marseille entre la compagnie Istijmam et le collectif Gena, le spectacle propose d\u2019entendre le parler po\u00e9tique et populaire d\u2019Alloula en fran\u00e7ais et en arabe, sans dispositif de traduction. Les deux langues se m\u00e9langent, se croisent, soutenues par les intentions et la gestuelle porteuses de sens des interpr\u00e8tes alg\u00e9rien\u00b7nes et fran\u00e7ais\u00b7es qui \u00e9voluent dans un espace quasi nu, en lien direct avec la salle.<\/p>\n<p>Collectif Gena \/ Cie Istijmam \/ Abdelkader Alloula<\/p>\n<p>Hbib Errebouhi\u00a0| MER 4 F\u00c9V \u2014 15H<br \/>Akli et M\u2019nawer\u00a0| JEU 5 F\u00c9V \u2014 14H15 Scolaire<br \/>Les G\u00e9n\u00e9reux \/ El Ajouad\u00a0| Hbib Errebouhi, Akli et M\u2019nawer, Djelloul El Fhaymi | INT\u00c9GRALE | VEN 6 ET SAM 7 F\u00c9V \u2014 19H<\/p>\n<p>Infos\/billetterie en ligne :\u00a0<a href=\"https:\/\/theatre-lacriee.com\/programmation\/spectacles\" target=\"_blank\" rel=\"nofollow noopener\">theatre-lacriee.com<\/a><\/p>\n","protected":false},"excerpt":{"rendered":"\u00c9crite en 1984,\u00a0El Ajouad\u00a0est l\u2019une des \u0153uvres majeures de l\u2019auteur alg\u00e9rien Abdelkader Alloula assassin\u00e9 10 ans plus tard&hellip;\n","protected":false},"author":2,"featured_media":336290,"comment_status":"","ping_status":"","sticky":false,"template":"","format":"standard","meta":{"footnotes":""},"categories":[2814],"tags":[1111,11,1777,674,1011,27,884,12,882,25],"class_list":{"0":"post-336289","1":"post","2":"type-post","3":"status-publish","4":"format-standard","5":"has-post-thumbnail","7":"category-marseille","8":"tag-actu","9":"tag-actualites","10":"tag-eu","11":"tag-europe","12":"tag-fr","13":"tag-france","14":"tag-marseille","15":"tag-news","16":"tag-provence-alpes-cote-dazur","17":"tag-republique-francaise"},"share_on_mastodon":{"url":"https:\/\/pubeurope.com\/@fr\/115072708349408252","error":""},"_links":{"self":[{"href":"https:\/\/www.europesays.com\/fr\/wp-json\/wp\/v2\/posts\/336289","targetHints":{"allow":["GET"]}}],"collection":[{"href":"https:\/\/www.europesays.com\/fr\/wp-json\/wp\/v2\/posts"}],"about":[{"href":"https:\/\/www.europesays.com\/fr\/wp-json\/wp\/v2\/types\/post"}],"author":[{"embeddable":true,"href":"https:\/\/www.europesays.com\/fr\/wp-json\/wp\/v2\/users\/2"}],"replies":[{"embeddable":true,"href":"https:\/\/www.europesays.com\/fr\/wp-json\/wp\/v2\/comments?post=336289"}],"version-history":[{"count":0,"href":"https:\/\/www.europesays.com\/fr\/wp-json\/wp\/v2\/posts\/336289\/revisions"}],"wp:featuredmedia":[{"embeddable":true,"href":"https:\/\/www.europesays.com\/fr\/wp-json\/wp\/v2\/media\/336290"}],"wp:attachment":[{"href":"https:\/\/www.europesays.com\/fr\/wp-json\/wp\/v2\/media?parent=336289"}],"wp:term":[{"taxonomy":"category","embeddable":true,"href":"https:\/\/www.europesays.com\/fr\/wp-json\/wp\/v2\/categories?post=336289"},{"taxonomy":"post_tag","embeddable":true,"href":"https:\/\/www.europesays.com\/fr\/wp-json\/wp\/v2\/tags?post=336289"}],"curies":[{"name":"wp","href":"https:\/\/api.w.org\/{rel}","templated":true}]}}