{"id":336291,"date":"2025-08-22T13:42:10","date_gmt":"2025-08-22T13:42:10","guid":{"rendered":"https:\/\/www.europesays.com\/fr\/336291\/"},"modified":"2025-08-22T13:42:10","modified_gmt":"2025-08-22T13:42:10","slug":"le-kouss%c2%b7kouss-festival-debute-aujourdhui-marseille-met-le-couscous-a-lhonneur-marseille","status":"publish","type":"post","link":"https:\/\/www.europesays.com\/fr\/336291\/","title":{"rendered":"Le Kouss\u00b7Kouss Festival d\u00e9bute aujourd&rsquo;hui, Marseille met le couscous \u00e0 l&rsquo;honneur &#8211; Marseille"},"content":{"rendered":"<p>Apr\u00e8s avoir explor\u00e9 les th\u00e9matiques de la graine, des poissons bleus et de l\u2019harissa lors des \u00e9ditions pr\u00e9c\u00e9dentes, cette 8\u1d49 \u00e9dition est <strong data-start=\"759\" data-end=\"787\">consacr\u00e9e au pois chiche<\/strong> \u2014 l\u00e9gume sec, symbole de tradition m\u00e9diterran\u00e9enne et source d\u2019inspiration culinaire pour les chefs.<\/p>\n<p>&#13;<\/p>\n<p>\t\t\t\t&#13;<br \/>\nUn festival qui s\u2019\u00e9tend dans toute la ville&#13;<\/p>\n<p data-start=\"977\" data-end=\"1245\">Pendant 17 jours, <strong data-start=\"995\" data-end=\"1025\">plus de 200 \u00e9tablissements<\/strong> \u2014 restaurants, boulangeries, commerces de bouche, lieux culturels \u2014 participent au festival, invitant les Marseillais et visiteurs \u00e0 vivre une v\u00e9ritable \u00ab\u00a0couscous-mania\u00a0\u00bb collective.<\/p>\n<p>&#13;<br \/>\nTour de piste des temps forts \u00e0 ne pas manquer&#13;<\/p>\n<p><strong data-start=\"1301\" data-end=\"1324\">Chaque soir d\u00e8s 19h<\/strong>, dans diff\u00e9rents quartiers, plus de <strong data-start=\"1361\" data-end=\"1392\">10 000 portions de couscous<\/strong> sont distribu\u00e9es dans un esprit de partage, accompagn\u00e9es de concerts ou de projections (initiative d\u2019EPICES, collectif solidaire).<\/p>\n<p>&#13;<\/p>\n<p>Le <strong data-start=\"1568\" data-end=\"1579\">30 ao\u00fbt<\/strong>, rendez-vous festif sur la <strong data-start=\"1607\" data-end=\"1625\">Place Bargemon<\/strong> : <strong data-start=\"1628\" data-end=\"1655\">5 000 couscous gratuits<\/strong> \u00e0 savourer au son de <strong data-start=\"1677\" data-end=\"1703\">Moussu T e lei Jovents<\/strong> et du quatuor <strong data-start=\"1718\" data-end=\"1736\">Les H\u00e9riti\u00e8res<\/strong>, pour une soir\u00e9e conviviale et musicale.<\/p>\n<p>&#13;<\/p>\n<p><strong>Attention, c&rsquo;est sur r\u00e9servation :\u00a0<\/strong><\/p>\n<p>&#13;<br \/>\n&#13;<\/p>\n<p><strong><strong data-start=\"1819\" data-end=\"1839\">5 et 6 septembre<\/strong>, <\/strong>direction le toit-terrasse de la Friche la Belle de Mai pour les soir\u00e9es On Air \u00ab\u00a0Cuzcuz\u00a0\u00bb aux accents br\u00e9siliens : cuisine de Salvador de Bahia et musique avec Tropix ou Cabaret Al\u00e9atoire.<\/p>\n<p>&#13;<\/p>\n<p>Et pour cl\u00f4turer en beaut\u00e9, <strong data-start=\"2106\" data-end=\"2124\">le 7 septembre<\/strong>, un <strong data-start=\"2129\" data-end=\"2163\">grand march\u00e9 sur le Vieux-Port<\/strong> mettra en lumi\u00e8re producteurs de pois chiches, artisans, d\u00e9monstrations culinaires et la l\u00e9gendaire \u00ab\u00a0Carriole Kous\u00b7Kouss\u00a0\u00bb.<\/p>\n<p>&#13;<br \/>\nInfos pratiques&#13;<\/p>\n<p>Du 22 ao\u00fbt au 7 septembre 2025<\/p>\n<p>Dans toute la ville de Marseille, avec des temps forts au Vieux-Port, Place Bargemon, Friche la Belle de Mai et dans les quartiers<\/p>\n<p>&#13;<\/p>\n<p><strong>Acc\u00e8s<\/strong> : Entr\u00e9e libre dans la majorit\u00e9 des lieux \u2013<strong> certains \u00e9v\u00e9nements (repas, concerts) peuvent n\u00e9cessiter inscription ou r\u00e9servation.<\/strong><\/p>\n<p>&#13;<br \/>\nA lire aussi&#13;<\/p>\n","protected":false},"excerpt":{"rendered":"Apr\u00e8s avoir explor\u00e9 les th\u00e9matiques de la graine, des poissons bleus et de l\u2019harissa lors des \u00e9ditions pr\u00e9c\u00e9dentes,&hellip;\n","protected":false},"author":2,"featured_media":336292,"comment_status":"","ping_status":"","sticky":false,"template":"","format":"standard","meta":{"footnotes":""},"categories":[2814],"tags":[1111,11,1777,674,1011,27,884,12,882,25],"class_list":{"0":"post-336291","1":"post","2":"type-post","3":"status-publish","4":"format-standard","5":"has-post-thumbnail","7":"category-marseille","8":"tag-actu","9":"tag-actualites","10":"tag-eu","11":"tag-europe","12":"tag-fr","13":"tag-france","14":"tag-marseille","15":"tag-news","16":"tag-provence-alpes-cote-dazur","17":"tag-republique-francaise"},"share_on_mastodon":{"url":"https:\/\/pubeurope.com\/@fr\/115072712292582452","error":""},"_links":{"self":[{"href":"https:\/\/www.europesays.com\/fr\/wp-json\/wp\/v2\/posts\/336291","targetHints":{"allow":["GET"]}}],"collection":[{"href":"https:\/\/www.europesays.com\/fr\/wp-json\/wp\/v2\/posts"}],"about":[{"href":"https:\/\/www.europesays.com\/fr\/wp-json\/wp\/v2\/types\/post"}],"author":[{"embeddable":true,"href":"https:\/\/www.europesays.com\/fr\/wp-json\/wp\/v2\/users\/2"}],"replies":[{"embeddable":true,"href":"https:\/\/www.europesays.com\/fr\/wp-json\/wp\/v2\/comments?post=336291"}],"version-history":[{"count":0,"href":"https:\/\/www.europesays.com\/fr\/wp-json\/wp\/v2\/posts\/336291\/revisions"}],"wp:featuredmedia":[{"embeddable":true,"href":"https:\/\/www.europesays.com\/fr\/wp-json\/wp\/v2\/media\/336292"}],"wp:attachment":[{"href":"https:\/\/www.europesays.com\/fr\/wp-json\/wp\/v2\/media?parent=336291"}],"wp:term":[{"taxonomy":"category","embeddable":true,"href":"https:\/\/www.europesays.com\/fr\/wp-json\/wp\/v2\/categories?post=336291"},{"taxonomy":"post_tag","embeddable":true,"href":"https:\/\/www.europesays.com\/fr\/wp-json\/wp\/v2\/tags?post=336291"}],"curies":[{"name":"wp","href":"https:\/\/api.w.org\/{rel}","templated":true}]}}