{"id":336295,"date":"2025-08-22T13:44:12","date_gmt":"2025-08-22T13:44:12","guid":{"rendered":"https:\/\/www.europesays.com\/fr\/336295\/"},"modified":"2025-08-22T13:44:12","modified_gmt":"2025-08-22T13:44:12","slug":"lyon-depuis-le-vinatier-il-menace-de-mort-la-prefete-12-mois-demprisonnement","status":"publish","type":"post","link":"https:\/\/www.europesays.com\/fr\/336295\/","title":{"rendered":"Lyon. Depuis le Vinatier, il menace de mort la pr\u00e9f\u00e8te\u00a0: 12 mois d\u2019emprisonnement"},"content":{"rendered":"<p>Dans le box, avec sa chemise \u00e0 carreaux et ses lunettes, le pr\u00e9venu, 24 ans, a plut\u00f4t un look s\u00e9rieux et pos\u00e9. Son d\u00e9bit lent lorsqu\u2019il s\u2019exprime ne laisse rien deviner des crises de rage auxquelles il doit faire face et qui le poussent parfois \u00e0 commettre des actes qu\u2019il regrette ensuite.<\/p>\n<p>Ce jeudi 22\u00a0ao\u00fbt, devant le tribunal correctionnel de Lyon, cet habitant du 8e\u00a0 arrondissement comparaissait pour apologie publique d\u2019un acte de terrorisme, et menaces de mort, notamment envers&#8230;<\/p>\n","protected":false},"excerpt":{"rendered":"Dans le box, avec sa chemise \u00e0 carreaux et ses lunettes, le pr\u00e9venu, 24 ans, a plut\u00f4t un&hellip;\n","protected":false},"author":2,"featured_media":336296,"comment_status":"","ping_status":"","sticky":false,"template":"","format":"standard","meta":{"footnotes":""},"categories":[1889],"tags":[1111,11,2430,271,272,2757,1777,674,274,1011,27,2428,2756,12,25,2429],"class_list":{"0":"post-336295","1":"post","2":"type-post","3":"status-publish","4":"format-standard","5":"has-post-thumbnail","7":"category-lyon","8":"tag-actu","9":"tag-actualites","10":"tag-auvergne-rhone-alpes","11":"tag-crime","12":"tag-delit-et-contravention","13":"tag-edition-lyon-villeurbanne","14":"tag-eu","15":"tag-europe","16":"tag-faits-divers-justice","17":"tag-fr","18":"tag-france","19":"tag-lyon","20":"tag-lyon-bassin","21":"tag-news","22":"tag-republique-francaise","23":"tag-rhone"},"share_on_mastodon":{"url":"https:\/\/pubeurope.com\/@fr\/115072720057509191","error":""},"_links":{"self":[{"href":"https:\/\/www.europesays.com\/fr\/wp-json\/wp\/v2\/posts\/336295","targetHints":{"allow":["GET"]}}],"collection":[{"href":"https:\/\/www.europesays.com\/fr\/wp-json\/wp\/v2\/posts"}],"about":[{"href":"https:\/\/www.europesays.com\/fr\/wp-json\/wp\/v2\/types\/post"}],"author":[{"embeddable":true,"href":"https:\/\/www.europesays.com\/fr\/wp-json\/wp\/v2\/users\/2"}],"replies":[{"embeddable":true,"href":"https:\/\/www.europesays.com\/fr\/wp-json\/wp\/v2\/comments?post=336295"}],"version-history":[{"count":0,"href":"https:\/\/www.europesays.com\/fr\/wp-json\/wp\/v2\/posts\/336295\/revisions"}],"wp:featuredmedia":[{"embeddable":true,"href":"https:\/\/www.europesays.com\/fr\/wp-json\/wp\/v2\/media\/336296"}],"wp:attachment":[{"href":"https:\/\/www.europesays.com\/fr\/wp-json\/wp\/v2\/media?parent=336295"}],"wp:term":[{"taxonomy":"category","embeddable":true,"href":"https:\/\/www.europesays.com\/fr\/wp-json\/wp\/v2\/categories?post=336295"},{"taxonomy":"post_tag","embeddable":true,"href":"https:\/\/www.europesays.com\/fr\/wp-json\/wp\/v2\/tags?post=336295"}],"curies":[{"name":"wp","href":"https:\/\/api.w.org\/{rel}","templated":true}]}}