{"id":336308,"date":"2025-08-22T13:52:10","date_gmt":"2025-08-22T13:52:10","guid":{"rendered":"https:\/\/www.europesays.com\/fr\/336308\/"},"modified":"2025-08-22T13:52:10","modified_gmt":"2025-08-22T13:52:10","slug":"derriere-lidee-de-negociations-a-budapest-le-spectre-de-lechec-du-memorandum-de-1994","status":"publish","type":"post","link":"https:\/\/www.europesays.com\/fr\/336308\/","title":{"rendered":"derri\u00e8re l\u2019id\u00e9e de n\u00e9gociations \u00e0 Budapest, le spectre de l\u2019\u00e9chec du m\u00e9morandum de 1994"},"content":{"rendered":"<p><strong>D\u00c9CRYPTAGE<\/strong> &#8211; En proposant la capitale hongroise comme lieu de rencontre entre les pr\u00e9sidents russe et ukrainien, Donald Trump rouvre une blessure historique\u00a0: \u00e0 Budapest en 1994, l\u2019Ukraine avait renonc\u00e9 \u00e0 son arsenal nucl\u00e9aire en \u00e9change de garanties de s\u00e9curit\u00e9, bafou\u00e9es depuis par la Russie.<\/p>\n<p class=\"fig-paragraph\">La ma\u00eetrise historique dans les affaires diplomatiques n\u2019est certes pas la marque de\u00a0<a href=\"http:\/\/www.lefigaro.fr\/vox\/monde\/l-editorial-de-philippe-gelie-la-paix-en-ukraine-passe-par-donald-trump-20250819\" target=\"_blank\" data-fig-type=\"Article\" rel=\"noopener\" data-gtm-custom-categorie=\"navigation\" data-gtm-custom-action=\"crossclick\" data-gtm-custom-label=\"Contextuel\" data-gtm-event=\"customEventSPE\" data-fig-domain=\"LEFIGARO\">Donald Trump<\/a>. Mais le pr\u00e9sident des \u00c9tats-Unis a-t-il conscience de l\u2019ironie de sa proposition lorsqu\u2019il sugg\u00e8re, comme lieu de\u00a0<a href=\"http:\/\/www.lefigaro.fr\/international\/guerre-en-ukraine-vladimir-poutine-va-t-il-vraiment-accepter-une-rencontre-avec-volodymyr-zelensky-20250819\" target=\"_blank\" data-fig-type=\"Article\" rel=\"noopener\" data-gtm-custom-categorie=\"navigation\" data-gtm-custom-action=\"crossclick\" data-gtm-custom-label=\"Contextuel\" data-gtm-event=\"customEventSPE\" data-fig-domain=\"LEFIGARO\">rencontre entre les pr\u00e9sidents Vladimir Poutine et Volodymyr Zelensky<\/a>, la ville de Budapest\u00a0? Selon deux sources de l\u2019administration Trump cit\u00e9es par Politico, la capitale hongroise appara\u00eet \u00abcomme le premier choix\u00bb pour l\u2019ex\u00e9cutif am\u00e9ricain afin de discuter d\u2019un\u00a0<a href=\"http:\/\/www.lefigaro.fr\/international\/guerre-en-ukraine-donald-trump-affirme-qu-un-accord-de-paix-l-aiderait-a-aller-au-paradis-20250820\" target=\"_blank\" data-fig-type=\"NewsFlash\" rel=\"noopener\" data-gtm-custom-categorie=\"navigation\" data-gtm-custom-action=\"crossclick\" data-gtm-custom-label=\"Contextuel\" data-gtm-event=\"customEventSPE\" data-fig-domain=\"LEFIGARO\">accord de paix<\/a>.<\/p>\n<p class=\"fig-paragraph\">Pour les Ukrainiens, la r\u00e9f\u00e9rence \u00e0 cette ville r\u00e9sonne de mani\u00e8re cruelle. \u00abBudapest\u00a0? Tout le monde ne s\u2019en souvient peut-\u00eatre pas, mais en 1994, l\u2019Ukraine (y) avait d\u00e9j\u00e0 obtenu des garanties d\u2019int\u00e9grit\u00e9 territoriale\u00bb, a soulign\u00e9 sur X le premier ministre polonais\u00a0<a href=\"http:\/\/www.lefigaro.fr\/international\/pologne-apres-l-echec-du-candidat-liberal-a-la-presidentielle-le-premier-ministre-donald-tusk-ressoude-son-camp-20250611\" target=\"_blank\" data-fig-type=\"Article\" rel=\"noopener\" data-gtm-custom-categorie=\"navigation\" data-gtm-custom-action=\"crossclick\" data-gtm-custom-label=\"Contextuel\" data-gtm-event=\"customEventSPE\" data-fig-domain=\"LEFIGARO\">Donald Tusk<\/a>, ex-pr\u00e9sident du Conseil europ\u00e9en, relevant le cynisme d\u2019une telle option. Car c\u2019est pr\u00e9cis\u00e9ment \u00e0 Budapest qu\u2019il y a 31 ans, un m\u00e9morandum statuait sur des \u00abgaranties de s\u00e9curit\u00e9\u00bb pour l\u2019Ukraine, en \u00e9change du d\u00e9mant\u00e8lement\u2026<\/p>\n<p class=\"fig-premium-paywall__infos\">\n        Cet article est r\u00e9serv\u00e9 aux abonn\u00e9s.        Il vous reste 88% \u00e0 d\u00e9couvrir.\n    <\/p>\n<p>                <img  data- alt=\"Le Figaro\" class=\"fig-img--complete fig-img\"\/><\/p>\n<p class=\"fig-premium-paywall__title\">Vente Flash<\/p>\n<p class=\"fig-premium-paywall__subtitle\">4,99\u20ac par mois pendant 12 mois. Sans engagement<\/p>\n<p class=\"fig-premium-paywall__connect\">\n                D\u00e9j\u00e0 abonn\u00e9\u00a0?                <a class=\"fig-premium-paywall__connect-link\" href=\"https:\/\/connect.lefigaro.fr\/login?client=horizon_web&amp;type=main&amp;redirect_uri=https%3A%2F%2Fwww.lefigaro.fr%2Finternational%2Fguerre-en-ukraine-derriere-l-idee-de-negociations-a-budapest-le-spectre-de-l-echec-du-memorandum-de-1994-20250822\" data-js-gtm=\"{&quot;customCategorie&quot;: &quot;conversion&quot;, &quot;customAction&quot;: &quot;before_Landing_Connexion_paywall_auto&quot;, &quot;customLabel&quot;: &quot;bGVmaWdhcm8uZnJfXzFmMDdlNjU1LTNkODQtNmZiOC1iYmQ2LTZiZTVlMmU5OGI4Y19fQXJ0aWNsZQ==_Guerre en Ukraine\u00a0: derri\u00e8re l\u2019id\u00e9e de n\u00e9gociations \u00e0 Budapest, le spectre de l\u2019\u00e9chec du m\u00e9morandum de 1994_503&quot;, &quot;customIDSPE&quot;: &quot;bGVmaWdhcm8uZnJfXzFmMDdlNjU1LTNkODQtNmZiOC1iYmQ2LTZiZTVlMmU5OGI4Y19fQXJ0aWNsZQ==&quot;, &quot;event&quot;: &quot;customEventSPE&quot;}\" target=\"_blank\" rel=\"noopener\"><br \/>\n                    Connectez-vous<br \/>\n                <\/a>\n            <\/p>\n","protected":false},"excerpt":{"rendered":"D\u00c9CRYPTAGE &#8211; En proposant la capitale hongroise comme lieu de rencontre entre les pr\u00e9sidents russe et ukrainien, Donald&hellip;\n","protected":false},"author":2,"featured_media":336309,"comment_status":"","ping_status":"","sticky":false,"template":"","format":"standard","meta":{"footnotes":""},"categories":[1590],"tags":[11,1777,674,3482,12,220],"class_list":{"0":"post-336308","1":"post","2":"type-post","3":"status-publish","4":"format-standard","5":"has-post-thumbnail","7":"category-ukraine","8":"tag-actualites","9":"tag-eu","10":"tag-europe","11":"tag-guerre-russie-ukraine","12":"tag-news","13":"tag-ukraine"},"share_on_mastodon":{"url":"https:\/\/pubeurope.com\/@fr\/115072751671730249","error":""},"_links":{"self":[{"href":"https:\/\/www.europesays.com\/fr\/wp-json\/wp\/v2\/posts\/336308","targetHints":{"allow":["GET"]}}],"collection":[{"href":"https:\/\/www.europesays.com\/fr\/wp-json\/wp\/v2\/posts"}],"about":[{"href":"https:\/\/www.europesays.com\/fr\/wp-json\/wp\/v2\/types\/post"}],"author":[{"embeddable":true,"href":"https:\/\/www.europesays.com\/fr\/wp-json\/wp\/v2\/users\/2"}],"replies":[{"embeddable":true,"href":"https:\/\/www.europesays.com\/fr\/wp-json\/wp\/v2\/comments?post=336308"}],"version-history":[{"count":0,"href":"https:\/\/www.europesays.com\/fr\/wp-json\/wp\/v2\/posts\/336308\/revisions"}],"wp:featuredmedia":[{"embeddable":true,"href":"https:\/\/www.europesays.com\/fr\/wp-json\/wp\/v2\/media\/336309"}],"wp:attachment":[{"href":"https:\/\/www.europesays.com\/fr\/wp-json\/wp\/v2\/media?parent=336308"}],"wp:term":[{"taxonomy":"category","embeddable":true,"href":"https:\/\/www.europesays.com\/fr\/wp-json\/wp\/v2\/categories?post=336308"},{"taxonomy":"post_tag","embeddable":true,"href":"https:\/\/www.europesays.com\/fr\/wp-json\/wp\/v2\/tags?post=336308"}],"curies":[{"name":"wp","href":"https:\/\/api.w.org\/{rel}","templated":true}]}}