{"id":336312,"date":"2025-08-22T13:54:20","date_gmt":"2025-08-22T13:54:20","guid":{"rendered":"https:\/\/www.europesays.com\/fr\/336312\/"},"modified":"2025-08-22T13:54:20","modified_gmt":"2025-08-22T13:54:20","slug":"royaume-uni-hausse-surprise-de-lindice-pmi-composite-en-aout-21-08-2025-a-1102","status":"publish","type":"post","link":"https:\/\/www.europesays.com\/fr\/336312\/","title":{"rendered":"Royaume-Uni: hausse surprise de l&rsquo;indice PMI composite en ao\u00fbt &#8211; 21\/08\/2025 \u00e0 11:02"},"content":{"rendered":"<p>                                                                (Zonebourse.com) &#8211; Contre toute attente, la croissance du secteur priv\u00e9 britannique s&rsquo;est acc\u00e9l\u00e9r\u00e9e au mois d&rsquo;ao\u00fbt, confirmant le r\u00e9cent redressement op\u00e9r\u00e9e au niveau de l&rsquo;activit\u00e9 apr\u00e8s un printemps morose, m\u00eame si l&rsquo;environnement \u00e9conomique reste f\u00e9brile, montrent les r\u00e9sultats d&rsquo;une enqu\u00eate publi\u00e9e jeudi.<\/p>\n<p>L&rsquo;indice S&amp;P Global composite des directeurs d&rsquo;achat, qui mesure \u00e0 la fois l&rsquo;activit\u00e9 dans les services et l&rsquo;industrie, s&rsquo;est inscrit \u00e0 53 ce mois-ci, contre 51,5 en juillet et 51 attendu par le consensus, selon le rapport.\n<\/p>\n<p>Il s&rsquo;\u00e9tablit ainsi \u00e0 un plus haut de 12 mois.\n<\/p>\n<p>L&rsquo;indice PMI &lsquo;flash&rsquo; des services a atteint 53,6 en ao\u00fbt, apr\u00e8s 51,8 le mois dernier, inscrivant l\u00e0 encore un plus haut de 12 mois, alors que les analystes pr\u00e9voyaient en moyenne un recul \u00e0 51,3.\n<\/p>\n<p>L&rsquo;indice PMI du secteur manufacturier s&rsquo;est quant \u00e0 lui repli\u00e9 \u00e0 47,3 contre 48 en juillet, l\u00e0 o\u00f9 les \u00e9conomistes anticipaient un rebond vers 48,5.\n<\/p>\n<p>Chris Williamson, l&rsquo;\u00e9conomiste en chef de S&amp;P Global Market Intelligence, rel\u00e8ve toutefois que les carnets de commandes des entreprises indiquent que la demande reste irr\u00e9guli\u00e8re et fragile, celles-ci exprimant non seulement des inqui\u00e9tudes concernant l&rsquo;impact des r\u00e9centes d\u00e9cisions politiques du gouvernement, mais aussi une certaine nervosit\u00e9 quant \u00e0 l&rsquo;incertitude g\u00e9opolitique actuelle.\n<\/p>\n<p>&lsquo;Les exportations de biens continuent de baisser, et de mani\u00e8re particuli\u00e8rement marqu\u00e9e&rsquo;, souligne ainsi l&rsquo;analyste.<\/p>\n","protected":false},"excerpt":{"rendered":"(Zonebourse.com) &#8211; Contre toute attente, la croissance du secteur priv\u00e9 britannique s&rsquo;est acc\u00e9l\u00e9r\u00e9e au mois d&rsquo;ao\u00fbt, confirmant le&hellip;\n","protected":false},"author":2,"featured_media":15273,"comment_status":"","ping_status":"","sticky":false,"template":"","format":"standard","meta":{"footnotes":""},"categories":[1588],"tags":[400,11,398,408,405,1777,674,403,402,399,404,12,473,1853,401,406,1851,1850,1852,407],"class_list":{"0":"post-336312","1":"post","2":"type-post","3":"status-publish","4":"format-standard","5":"has-post-thumbnail","7":"category-royaume-uni","8":"tag-action-cac-40","9":"tag-actualites","10":"tag-bourse-de-paris","11":"tag-boursorama","12":"tag-cotations","13":"tag-eu","14":"tag-europe","15":"tag-indices-devises","16":"tag-investir","17":"tag-investissement","18":"tag-marche-boursier","19":"tag-news","20":"tag-royaume-uni","21":"tag-royaume-uni-de-grande-bretagne-et-dirlande-du-nord","22":"tag-sicav","23":"tag-trackers","24":"tag-uk","25":"tag-united-kingdom","26":"tag-united-kingdom-of-great-britain-and-northern-ireland","27":"tag-warrants"},"share_on_mastodon":{"url":"https:\/\/pubeurope.com\/@fr\/115072759537952043","error":""},"_links":{"self":[{"href":"https:\/\/www.europesays.com\/fr\/wp-json\/wp\/v2\/posts\/336312","targetHints":{"allow":["GET"]}}],"collection":[{"href":"https:\/\/www.europesays.com\/fr\/wp-json\/wp\/v2\/posts"}],"about":[{"href":"https:\/\/www.europesays.com\/fr\/wp-json\/wp\/v2\/types\/post"}],"author":[{"embeddable":true,"href":"https:\/\/www.europesays.com\/fr\/wp-json\/wp\/v2\/users\/2"}],"replies":[{"embeddable":true,"href":"https:\/\/www.europesays.com\/fr\/wp-json\/wp\/v2\/comments?post=336312"}],"version-history":[{"count":0,"href":"https:\/\/www.europesays.com\/fr\/wp-json\/wp\/v2\/posts\/336312\/revisions"}],"wp:featuredmedia":[{"embeddable":true,"href":"https:\/\/www.europesays.com\/fr\/wp-json\/wp\/v2\/media\/15273"}],"wp:attachment":[{"href":"https:\/\/www.europesays.com\/fr\/wp-json\/wp\/v2\/media?parent=336312"}],"wp:term":[{"taxonomy":"category","embeddable":true,"href":"https:\/\/www.europesays.com\/fr\/wp-json\/wp\/v2\/categories?post=336312"},{"taxonomy":"post_tag","embeddable":true,"href":"https:\/\/www.europesays.com\/fr\/wp-json\/wp\/v2\/tags?post=336312"}],"curies":[{"name":"wp","href":"https:\/\/api.w.org\/{rel}","templated":true}]}}