{"id":336327,"date":"2025-08-22T14:02:10","date_gmt":"2025-08-22T14:02:10","guid":{"rendered":"https:\/\/www.europesays.com\/fr\/336327\/"},"modified":"2025-08-22T14:02:10","modified_gmt":"2025-08-22T14:02:10","slug":"lequipe-de-france-feminine-de-volley-reussit-ses-debuts-aux-mondiaux-apres-cinquante-et-un-ans-dabsence","status":"publish","type":"post","link":"https:\/\/www.europesays.com\/fr\/336327\/","title":{"rendered":"L\u2019\u00e9quipe de France f\u00e9minine de volley r\u00e9ussit ses d\u00e9buts aux Mondiaux, apr\u00e8s cinquante et un\u00a0ans d\u2019absence"},"content":{"rendered":"<p>                          <img loading=\"lazy\" decoding=\"async\" src=\"https:\/\/www.europesays.com\/fr\/wp-content\/uploads\/2025\/08\/9152542_upload-1-xjvakoyc53e2-000-728a2jh.jpg\" alt=\"Les Fran\u00e7aises c\u00e9l\u00e8brent leur victoire contre Porto Rico lors du match de poule des Championnats du monde de volley-ball, \u00e0 Chiang Mai (Tha\u00eflande), le 22\u00a0ao\u00fbt\u00a02025.\"   width=\"664\" height=\"443\"\/>    Les Fran\u00e7aises c\u00e9l\u00e8brent leur victoire contre Porto Rico lors du match de poule des Championnats du monde de volley-ball, \u00e0 Chiang Mai (Tha\u00eflande), le 22\u00a0ao\u00fbt\u00a02025.  LILLIAN SUWANRUMPHA \/ AFP                          <\/p>\n<p class=\"article__paragraph  \">Cinquante et un ans que l\u2019\u00e9quipe de France f\u00e9minine attendait de prendre part aux championnats du monde de volley-ball. Pour leur grand retour sur les terrains de la plus importante comp\u00e9tition internationale apr\u00e8s les Jeux olympiques, les Bleues ont l\u00e2ch\u00e9 un set, mais elles ont assur\u00e9 l\u2019essentiel, vendredi 22\u00a0ao\u00fbt, en remportant leur premier duel face \u00e0 Porto Rico, \u00e0 Chiang Mai (Tha\u00eflande).<\/p>\n<p class=\"article__paragraph  \">Si le score final est plut\u00f4t serr\u00e9 (25-22, 25-18, 21-25, 25-14), elles n\u2019ont jamais vraiment trembl\u00e9 durant cette rencontre, face \u00e0 des adversaires d\u2019un niveau similaire au leur. La France est 15e au classement mondial, Porto Rico pointe \u00e0 la 18e\u00a0place. \u00ab\u00a0C\u2019est tr\u00e8s important de commencer par une victoire, m\u00eame si on n\u2019a pas toujours tr\u00e8s bien jou\u00e9\u00a0\u00bb, a r\u00e9sum\u00e9, \u00e0 chaud, la centrale Amandha Sylves apr\u00e8s le match.<\/p>\n<p class=\"article__paragraph  \">Comme lors de la Ligue des nations \u2013 comp\u00e9tition relev\u00e9e qui r\u00e9unit chaque \u00e9t\u00e9 les 18\u00a0meilleures \u00e9quipes du monde et dont les Bleues ont termin\u00e9 9e \u2013, les Fran\u00e7aises ont \u00e9t\u00e9 port\u00e9es par la fougue de leur pointue Iman Ndiaye (22\u00a0points, dont 5\u00a0aces) et par la solidit\u00e9 de leur capitaine H\u00e9l\u00e9na Cazaute (20\u00a0points). \u00ab\u00a0On a encore beaucoup de choses \u00e0 travailler pour arriver \u00e0 emb\u00eater les top \u00e9quipes\u00a0\u00bb, a remarqu\u00e9 cette derni\u00e8re, reconnaissant \u00ab\u00a0un peu de crispation\u00a0\u00bb durant le premier set.<\/p>\n<p>                    \u00ab\u00a0Nos options restent ouvertes pour se qualifier\u00a0\u00bb                    <\/p>\n<p class=\"article__paragraph  \">Parfois irr\u00e9guli\u00e8res, les Tricolores ont eu le m\u00e9rite de ne pas se d\u00e9sunir et d\u2019augmenter leur niveau de jeu aux moments cruciaux. D\u2019abord en r\u00e9ussissant un 6-0 pour empocher le premier set, conclu sur un ace d\u2019Iman Ndiaye, alors qu\u2019elles \u00e9taient men\u00e9es 22-19.<\/p>\n<p>                                       Lire aussi |  Article r\u00e9serv\u00e9 \u00e0 nos abonn\u00e9s  <a href=\"https:\/\/www.lemonde.fr\/sport\/article\/2025\/08\/22\/mondial-feminin-de-volley-iman-ndiaye-la-pointue-made-in-usa-qui-porte-les-espoirs-de-l-equipe-de-france_6633457_3242.html\" class=\"js-article-read-also catcher--favoris__link\" data-premium=\"1\" id=\"article-title-3433449\" target=\"_blank\" rel=\"noopener\">Mondial f\u00e9minin de volley\u00a0: Iman Ndiaye, la pointue \u00ab\u00a0made in USA\u00a0\u00bb qui porte les espoirs de l\u2019\u00e9quipe de France<\/a>    <\/p>\n<p>   Lire plus tard  <\/p>\n<p class=\"article__paragraph  \">En fin de deuxi\u00e8me manche, un smash de Fatoumata Fanguedou et un lob subtil d\u2019Am\u00e9lie Rotar ont mis fin aux espoirs de retour de Porto Rico. Avec deux sets d\u2019avance, les Fran\u00e7aises semblaient avoir fait le plus difficile, mais un rel\u00e2chement passager au troisi\u00e8me set (21-25) a relanc\u00e9 le suspense. Heureusement, la solidit\u00e9 d\u2019Amandha Sylves au contre et les smashs puissants d\u2019Iman Ndiaye ont permis aux Bleues de reprendre le large au d\u00e9but du quatri\u00e8me set et de conclure la rencontre sans stress.<\/p>\n<p class=\"article__paragraph  \">L\u2019\u00e9quipe de France a encore besoin d\u2019une victoire pour composter son billet pour Bangkok, o\u00f9 auront lieu les huiti\u00e8mes de finale, leur premier objectif. \u00ab\u00a0Je suis tr\u00e8s content. Il y avait beaucoup d\u2019\u00e9motions sur ce [premier] match. Nos options restent ouvertes pour se qualifier\u00a0\u00bb, a r\u00e9agi l\u2019entra\u00eeneur espagnol des Bleues, Cesar Hernandez.<\/p>\n<p class=\"article__paragraph  \">Ses joueuses seront oppos\u00e9es dimanche 24\u00a0ao\u00fbt au Br\u00e9sil, m\u00e9daill\u00e9 de bronze aux Jeux de Paris et favori de leur poule, puis mardi 26\u00a0ao\u00fbt \u00e0 la Gr\u00e8ce. Se dessine ensuite un match couperet face \u00e0 la Chine ou la R\u00e9publique dominicaine, probablement le 31\u00a0ao\u00fbt.<\/p>\n<p class=\"article__paragraph  \">Avec 32\u00a0\u00e9quipes en lice, le Mondial f\u00e9minin de volleyball accueille cette ann\u00e9e un nombre record de s\u00e9lections participantes \u2013 24 lors des \u00e9ditions pr\u00e9c\u00e9dentes. La finale est pr\u00e9vue le 7\u00a0septembre dans la capitale tha\u00eflandaise.<\/p>\n<p class=\"article__author-container\"> <a class=\"article__author-link\" href=\"https:\/\/www.lemonde.fr\/signataires\/service-sports\/\" target=\"_blank\" rel=\"noopener\"> Service Sports<\/a> (avec AFP) <\/p>\n<p>                  <a href=\"https:\/\/www.lemonde.fr\/syndication\/\" class=\"reuse__content\" title=\"R\u00e9utiliser ce contenu\" target=\"_blank\" rel=\"noopener\">R\u00e9utiliser ce contenu<\/a>      <\/p>\n","protected":false},"excerpt":{"rendered":"Les Fran\u00e7aises c\u00e9l\u00e8brent leur victoire contre Porto Rico lors du match de poule des Championnats du monde de&hellip;\n","protected":false},"author":2,"featured_media":336328,"comment_status":"","ping_status":"","sticky":false,"template":"","format":"standard","meta":{"footnotes":""},"categories":[1417],"tags":[1011,27,60,1470,1469],"class_list":{"0":"post-336327","1":"post","2":"type-post","3":"status-publish","4":"format-standard","5":"has-post-thumbnail","7":"category-volley","8":"tag-fr","9":"tag-france","10":"tag-sports","11":"tag-volley","12":"tag-volleyball"},"share_on_mastodon":{"url":"https:\/\/pubeurope.com\/@fr\/115072791878754911","error":""},"_links":{"self":[{"href":"https:\/\/www.europesays.com\/fr\/wp-json\/wp\/v2\/posts\/336327","targetHints":{"allow":["GET"]}}],"collection":[{"href":"https:\/\/www.europesays.com\/fr\/wp-json\/wp\/v2\/posts"}],"about":[{"href":"https:\/\/www.europesays.com\/fr\/wp-json\/wp\/v2\/types\/post"}],"author":[{"embeddable":true,"href":"https:\/\/www.europesays.com\/fr\/wp-json\/wp\/v2\/users\/2"}],"replies":[{"embeddable":true,"href":"https:\/\/www.europesays.com\/fr\/wp-json\/wp\/v2\/comments?post=336327"}],"version-history":[{"count":0,"href":"https:\/\/www.europesays.com\/fr\/wp-json\/wp\/v2\/posts\/336327\/revisions"}],"wp:featuredmedia":[{"embeddable":true,"href":"https:\/\/www.europesays.com\/fr\/wp-json\/wp\/v2\/media\/336328"}],"wp:attachment":[{"href":"https:\/\/www.europesays.com\/fr\/wp-json\/wp\/v2\/media?parent=336327"}],"wp:term":[{"taxonomy":"category","embeddable":true,"href":"https:\/\/www.europesays.com\/fr\/wp-json\/wp\/v2\/categories?post=336327"},{"taxonomy":"post_tag","embeddable":true,"href":"https:\/\/www.europesays.com\/fr\/wp-json\/wp\/v2\/tags?post=336327"}],"curies":[{"name":"wp","href":"https:\/\/api.w.org\/{rel}","templated":true}]}}