{"id":336332,"date":"2025-08-22T14:06:11","date_gmt":"2025-08-22T14:06:11","guid":{"rendered":"https:\/\/www.europesays.com\/fr\/336332\/"},"modified":"2025-08-22T14:06:11","modified_gmt":"2025-08-22T14:06:11","slug":"motogp-gp-de-hongrie-essais-pedro-acosta-prend-les-devants","status":"publish","type":"post","link":"https:\/\/www.europesays.com\/fr\/336332\/","title":{"rendered":"MotoGP, GP de Hongrie &#8211; Essais : Pedro Acosta prend les devants"},"content":{"rendered":"<p>Durant la matin\u00e9e, seul Marc Marquez est parvenu \u00e0 \u00e9tablir un tour en 1:37 sur le circuit du Balaton Park, que tous les pilotes de <a href=\"https:\/\/www.autohebdo.fr\/actualites\/motogp\" data-internallinksmanager029f6b8e52c=\"4\" title=\"MotoGP\" target=\"_blank\" rel=\"noopener\">MotoGP<\/a> d\u00e9couvrent \u00e0 l\u2019occasion du Grand Prix de Hongrie. Cet apr\u00e8s-midi, \u00e0 lors des Essais du week-end, c\u2019est autour de la r\u00e9f\u00e9rence de la matin\u00e9e (1:37.956) que les chronos tournent aux avant-postes.<\/p>\n<p>Tout au long de la s\u00e9ance, le leader du championnat se livre en duel avec Fermin Aldeguer en t\u00eate du marquoir, tandis que les KTM continue de d\u00e9montrer de belles choses, Enea Bastianini et Pedro Acosta s\u2019\u00e9changeant la 3e place \u00e0 plusieurs reprises.<\/p>\n<p>Lors des deuxi\u00e8mes salves de chrono, le rythme s\u2019acc\u00e9l\u00e8re cependant. Pedro Acosta signe le meilleur chrono en 1:37.061, am\u00e9liorant la r\u00e9f\u00e9rence de 7 dixi\u00e8mes. Juste apr\u00e8s, il chute cependant, ce qui l\u2019emp\u00eache d\u2019am\u00e9liorer. Malgr\u00e9 tout, le seul homme en mesure de battre cette marque \u00e9choue \u00e0 6 milli\u00e8mes lors de son ultime effort. L\u2019Espagnol termine donc la s\u00e9ance en t\u00eate, devant les deux fr\u00e8res Marquez, Marc et Alex.<\/p>\n<p>De son c\u00f4t\u00e9, Francesco Bagnaia peine toujours \u00e0 trouver la limite au guidon de sa Ducati. L\u2019Italien passe la majeure partie de son vendredi apr\u00e8s-midi absent du top-15. Il termine finalement la s\u00e9ance au 14e rang. Il devra donc passer par la Q1 demain matin, pour la deuxi\u00e8me fois en l\u2019espace de 3 Grands Prix.<\/p>\n<p>C\u00f4t\u00e9 Fran\u00e7ais, les choses sont toujours compliqu\u00e9es. En difficult\u00e9 avec leurs machines, g\u00e9n\u00e9ralement peu performantes sur les circuit de type \u2018stop &amp; go\u2019, comme celui de ce week-end, <a href=\"https:\/\/www.autohebdo.fr\/actualites\/tag\/fabio-quartararo\" data-internallinksmanager029f6b8e52c=\"15\" title=\"Fabio Quartararo\" target=\"_blank\" rel=\"noopener\">Fabio Quartararo<\/a> termine toutefois les Essais 10e, se qualifiant de justesse pour la Q2. La fin de vendredi de Johann Zarco est moins r\u00e9jouissante. Le Cannois se classe 20e apr\u00e8s l\u2019heure de roulage.<\/p>\n<p>MotoGP \u2013 GP de Hongrie\u00a0<br \/>\nLe classement des Essais :<\/p>\n<p><a href=\"https:\/\/www.europesays.com\/fr\/wp-content\/uploads\/2025\/08\/Capture-decran-2025-08-22-a-16.03.38.png\" data-lbwps-width=\"1110\" data-lbwps-height=\"1468\" data-lbwps-srcsmall=\"https:\/\/www.autohebdo.fr\/app\/uploads\/2025\/08\/Capture-decran-2025-08-22-a-16.03.38-227x300.png\"><img fetchpriority=\"high\" decoding=\"async\" class=\"aligncenter wp-image-627780\" src=\"https:\/\/www.europesays.com\/fr\/wp-content\/uploads\/2025\/08\/Capture-decran-2025-08-22-a-16.03.38.png\" alt=\"\" width=\"665\" height=\"879\"  \/><\/a><\/p>\n<p><strong>Classement : <a href=\"https:\/\/mototiming.live\" target=\"_blank\" rel=\"noopener\">MotoTiming<\/a><\/strong><\/p>\n","protected":false},"excerpt":{"rendered":"Durant la matin\u00e9e, seul Marc Marquez est parvenu \u00e0 \u00e9tablir un tour en 1:37 sur le circuit du&hellip;\n","protected":false},"author":2,"featured_media":336333,"comment_status":"","ping_status":"","sticky":false,"template":"","format":"standard","meta":{"footnotes":""},"categories":[1413],"tags":[1011,27,1457,1456,60],"class_list":{"0":"post-336332","1":"post","2":"type-post","3":"status-publish","4":"format-standard","5":"has-post-thumbnail","7":"category-moto","8":"tag-fr","9":"tag-france","10":"tag-moto","11":"tag-motocycle","12":"tag-sports"},"share_on_mastodon":{"url":"https:\/\/pubeurope.com\/@fr\/115072806710655778","error":""},"_links":{"self":[{"href":"https:\/\/www.europesays.com\/fr\/wp-json\/wp\/v2\/posts\/336332","targetHints":{"allow":["GET"]}}],"collection":[{"href":"https:\/\/www.europesays.com\/fr\/wp-json\/wp\/v2\/posts"}],"about":[{"href":"https:\/\/www.europesays.com\/fr\/wp-json\/wp\/v2\/types\/post"}],"author":[{"embeddable":true,"href":"https:\/\/www.europesays.com\/fr\/wp-json\/wp\/v2\/users\/2"}],"replies":[{"embeddable":true,"href":"https:\/\/www.europesays.com\/fr\/wp-json\/wp\/v2\/comments?post=336332"}],"version-history":[{"count":0,"href":"https:\/\/www.europesays.com\/fr\/wp-json\/wp\/v2\/posts\/336332\/revisions"}],"wp:featuredmedia":[{"embeddable":true,"href":"https:\/\/www.europesays.com\/fr\/wp-json\/wp\/v2\/media\/336333"}],"wp:attachment":[{"href":"https:\/\/www.europesays.com\/fr\/wp-json\/wp\/v2\/media?parent=336332"}],"wp:term":[{"taxonomy":"category","embeddable":true,"href":"https:\/\/www.europesays.com\/fr\/wp-json\/wp\/v2\/categories?post=336332"},{"taxonomy":"post_tag","embeddable":true,"href":"https:\/\/www.europesays.com\/fr\/wp-json\/wp\/v2\/tags?post=336332"}],"curies":[{"name":"wp","href":"https:\/\/api.w.org\/{rel}","templated":true}]}}