{"id":336338,"date":"2025-08-22T14:09:13","date_gmt":"2025-08-22T14:09:13","guid":{"rendered":"https:\/\/www.europesays.com\/fr\/336338\/"},"modified":"2025-08-22T14:09:13","modified_gmt":"2025-08-22T14:09:13","slug":"lol-lyonnes-a-rendu-un-ultime-hommage-a-majri","status":"publish","type":"post","link":"https:\/\/www.europesays.com\/fr\/336338\/","title":{"rendered":"L&rsquo;OL Lyonnes a rendu un ultime hommage \u00e0 Majri"},"content":{"rendered":"<p>                            <img width=\"770\" height=\"433\" src=\"https:\/\/www.europesays.com\/fr\/wp-content\/uploads\/2025\/08\/Gy5HJj-WUAAKpI1-770x433.jpeg\" class=\"attachment-article size-article wp-post-image\" alt=\"Amel Majri honor\u00e9e avant OL Lyonnes - London City Lionesses\" decoding=\"async\" fetchpriority=\"high\"  \/><\/p>\n<p>Amel Majri honor\u00e9e avant OL Lyonnes \u2013 London City Lionesses (@OL_Lyonnes)<\/p>\n<p>En marge de la rencontre contre le London City Lionesses (victoire 3-1), l&rsquo;OL Lyonnes a rendu un dernier hommage \u00e0 Amel Majri. La joueuse va quitter le club apr\u00e8s quinze saisons au plus haut niveau.<\/p>\n<p>Il y avait de la nostalgie jeudi soir sur la pelouse du terrain G\u00e9rard\u00a0<strong>Houllier<\/strong>\u00a0pour l&rsquo;affiche amicale entre l&rsquo;<strong>OL Lyonnes\u00a0<\/strong>et le\u00a0<strong>London City Lionesses<\/strong>. La rencontre entre les deux entit\u00e9s de Kynisca, holding de Michele\u00a0<strong>Kang<\/strong>, a permis aux supporters lyonnais de retrouver des t\u00eates bien connues. Dani\u00eblle\u00a0<strong>van de Donk<\/strong>, partie cet \u00e9t\u00e9, Saki\u00a0<strong>Kumagai<\/strong>\u00a0ou encore Nikita\u00a0<strong>Parris<\/strong>\u00a0revenaient sur les terres de leurs exploits pass\u00e9s. Elles ont toutes les trois eu le droit \u00e0 une vague d&rsquo;applaudissements bien nourris de la part des 1 100 spectateurs pr\u00e9sents \u00e0 D\u00e9cines. Mais la vraie surprise de la soir\u00e9e a \u00e9t\u00e9 l&rsquo;hommage rendu par le club \u00e0 une enfant de la ville : Amel\u00a0<strong>Majri<\/strong>. D\u00e9j\u00e0 pr\u00e9sente lors du deuxi\u00e8me amical contre Nuremberg, l&rsquo;internationale fran\u00e7aise a, cette fois, pu faire ses adieux \u00e0 son public.<\/p>\n<p>Une haie d&rsquo;honneur des joueuses<\/p>\n<p>En marge du coup d&rsquo;envoi de la victoire lyonnaise\u00a0<a href=\"https:\/\/www.olympique-et-lyonnais.com\/lol-lyonnes-prend-le-meilleur-sur-les-cousines-de-london-city-3-1,376752.html\" target=\"_blank\" rel=\"noopener\">(3-1)<\/a>, Michele\u00a0<strong>Kang<\/strong>\u00a0a offert un maillot collector floqu\u00e9 du num\u00e9ro 327, comme le nombre de matchs de sa d\u00e9sormais ancienne joueuse, qui va rejoindre l&rsquo;Arabie saoudite dans les prochaines semaines. C\u00e9l\u00e9br\u00e9e par les joueuses de l&rsquo;OL Lyonnes et de London City avec une haie d&rsquo;honneur, Majri a eu du mal \u00e0 cacher son \u00e9motion au moment de prendre le micro pour un dernier au-revoir. Chez les Fenottes, on n&rsquo;oublie pas ses l\u00e9gendes et la photo souvenir prise avec les deux \u00e9quipes, Amel\u00a0<strong>Majri<\/strong>\u00a0l&#8217;emportera s\u00fbrement du c\u00f4t\u00e9 de l&rsquo;Al<strong><a href=\"https:\/\/www.olympique-et-lyonnais.com\/mercato-amel-majri-quitte-lol-lyonnes-apres-15-ans-au-haut-niveau,375671.html\" target=\"_blank\" rel=\"noopener\">-Ula FC<\/a><\/strong>.<\/p>\n<p>\t\t\t\t\t<a href=\"https:\/\/www.olympique-et-lyonnais.com\/ol-medias-tkydg-de-retour-lundi-avec-amaury-barlet-comme-invite,376868.html\" title=\"OL - M\u00e9dias : TKYDG de retour lundi avec Amaury Barlet comme invit\u00e9\" target=\"_blank\" rel=\"noopener\"><img loading=\"lazy\" width=\"580\" height=\"326\" src=\"https:\/\/www.europesays.com\/fr\/wp-content\/uploads\/2025\/08\/IMG_3259-580x326.jpg\" class=\"attachment-actularge size-actularge wp-post-image\" alt=\"Amaury Barlet, coach des U17 de l'OL\" decoding=\"async\"  \/>\t\t\t\t\t<\/a><\/p>\n","protected":false},"excerpt":{"rendered":"Amel Majri honor\u00e9e avant OL Lyonnes \u2013 London City Lionesses (@OL_Lyonnes) En marge de la rencontre contre le&hellip;\n","protected":false},"author":2,"featured_media":336339,"comment_status":"","ping_status":"","sticky":false,"template":"","format":"standard","meta":{"footnotes":""},"categories":[1410],"tags":[63,1011,27,241,242,60],"class_list":{"0":"post-336338","1":"post","2":"type-post","3":"status-publish","4":"format-standard","5":"has-post-thumbnail","7":"category-football","8":"tag-football","9":"tag-fr","10":"tag-france","11":"tag-ol","12":"tag-ol-feminin","13":"tag-sports"},"share_on_mastodon":{"url":"https:\/\/pubeurope.com\/@fr\/115072818713369590","error":""},"_links":{"self":[{"href":"https:\/\/www.europesays.com\/fr\/wp-json\/wp\/v2\/posts\/336338","targetHints":{"allow":["GET"]}}],"collection":[{"href":"https:\/\/www.europesays.com\/fr\/wp-json\/wp\/v2\/posts"}],"about":[{"href":"https:\/\/www.europesays.com\/fr\/wp-json\/wp\/v2\/types\/post"}],"author":[{"embeddable":true,"href":"https:\/\/www.europesays.com\/fr\/wp-json\/wp\/v2\/users\/2"}],"replies":[{"embeddable":true,"href":"https:\/\/www.europesays.com\/fr\/wp-json\/wp\/v2\/comments?post=336338"}],"version-history":[{"count":0,"href":"https:\/\/www.europesays.com\/fr\/wp-json\/wp\/v2\/posts\/336338\/revisions"}],"wp:featuredmedia":[{"embeddable":true,"href":"https:\/\/www.europesays.com\/fr\/wp-json\/wp\/v2\/media\/336339"}],"wp:attachment":[{"href":"https:\/\/www.europesays.com\/fr\/wp-json\/wp\/v2\/media?parent=336338"}],"wp:term":[{"taxonomy":"category","embeddable":true,"href":"https:\/\/www.europesays.com\/fr\/wp-json\/wp\/v2\/categories?post=336338"},{"taxonomy":"post_tag","embeddable":true,"href":"https:\/\/www.europesays.com\/fr\/wp-json\/wp\/v2\/tags?post=336338"}],"curies":[{"name":"wp","href":"https:\/\/api.w.org\/{rel}","templated":true}]}}