{"id":336368,"date":"2025-08-22T14:24:12","date_gmt":"2025-08-22T14:24:12","guid":{"rendered":"https:\/\/www.europesays.com\/fr\/336368\/"},"modified":"2025-08-22T14:24:12","modified_gmt":"2025-08-22T14:24:12","slug":"deux-jeunes-voleurs-interpelles-a-saint-chamond","status":"publish","type":"post","link":"https:\/\/www.europesays.com\/fr\/336368\/","title":{"rendered":"deux jeunes voleurs interpell\u00e9s \u00e0 Saint-Chamond"},"content":{"rendered":"<p>Mercredi 20\u00a0ao\u00fbt, \u00e0 14\u00a0h\u00a030, les policiers du Gier sont appel\u00e9s par un habitant. Ils s\u2019inqui\u00e8tent de voir deux jeunes s\u2019int\u00e9resser de pr\u00e8s \u00e0 une voiture qui ne leur appartient pas \u00e0 Saint-Chamond.<\/p>\n<p>Quand les forces de l\u2019ordre arrivent sur les lieux, ils ne trouvent personne. Mais en tournant un peu, ils s\u2019aper\u00e7oivent que la porte d\u2019entr\u00e9e d\u2019une maison a \u00e9t\u00e9 fractur\u00e9e \u00e0 coups de pieds. \u00c0 l\u2019int\u00e9rieur, toujours personne. Rien n\u2019a \u00e9t\u00e9 vol\u00e9, car il n\u2019y avait rien \u00e0 voler.<\/p>\n<p>Deux jeunes originaires de Saint-\u00c9tienne et Firminy<\/p>\n<p>Les policiers poursuivent leurs recherches et, gr\u00e2ce \u00e0 l\u2019appui de la vid\u00e9oprotection, retrouvent la trace des deux jeunes (18 et 15 ans) un peu plus loin. Ils sont emmen\u00e9s en garde \u00e0 vue. L\u2019un des jeunes est originaire de Saint-\u00c9tienne, le second de Firminy.<\/p>\n<p>L\u2019un d\u2019entre eux est tr\u00e8s bien connu des services de police. Tous deux nient toute implication dans l\u2019effraction de la maison. Cependant, les investigations des policiers permettent de prouver qu\u2019ils \u00e9taient bien en cause.<\/p>\n<p>Au bout de 24 heures, ils sont ressortis avec chacun une convocation en justice.<\/p>\n","protected":false},"excerpt":{"rendered":"Mercredi 20\u00a0ao\u00fbt, \u00e0 14\u00a0h\u00a030, les policiers du Gier sont appel\u00e9s par un habitant. Ils s\u2019inqui\u00e8tent de voir deux&hellip;\n","protected":false},"author":2,"featured_media":336369,"comment_status":"","ping_status":"","sticky":false,"template":"","format":"standard","meta":{"footnotes":""},"categories":[9653],"tags":[1111,11,2430,271,272,7539,1777,674,274,1011,27,3367,12,25,9669,4001],"class_list":{"0":"post-336368","1":"post","2":"type-post","3":"status-publish","4":"format-standard","5":"has-post-thumbnail","7":"category-saint-etienne","8":"tag-actu","9":"tag-actualites","10":"tag-auvergne-rhone-alpes","11":"tag-crime","12":"tag-delit-et-contravention","13":"tag-edition-loire-sud","14":"tag-eu","15":"tag-europe","16":"tag-faits-divers-justice","17":"tag-fr","18":"tag-france","19":"tag-loire","20":"tag-news","21":"tag-republique-francaise","22":"tag-saint-chamond","23":"tag-saint-etienne"},"share_on_mastodon":{"url":"https:\/\/pubeurope.com\/@fr\/115072877520488133","error":""},"_links":{"self":[{"href":"https:\/\/www.europesays.com\/fr\/wp-json\/wp\/v2\/posts\/336368","targetHints":{"allow":["GET"]}}],"collection":[{"href":"https:\/\/www.europesays.com\/fr\/wp-json\/wp\/v2\/posts"}],"about":[{"href":"https:\/\/www.europesays.com\/fr\/wp-json\/wp\/v2\/types\/post"}],"author":[{"embeddable":true,"href":"https:\/\/www.europesays.com\/fr\/wp-json\/wp\/v2\/users\/2"}],"replies":[{"embeddable":true,"href":"https:\/\/www.europesays.com\/fr\/wp-json\/wp\/v2\/comments?post=336368"}],"version-history":[{"count":0,"href":"https:\/\/www.europesays.com\/fr\/wp-json\/wp\/v2\/posts\/336368\/revisions"}],"wp:featuredmedia":[{"embeddable":true,"href":"https:\/\/www.europesays.com\/fr\/wp-json\/wp\/v2\/media\/336369"}],"wp:attachment":[{"href":"https:\/\/www.europesays.com\/fr\/wp-json\/wp\/v2\/media?parent=336368"}],"wp:term":[{"taxonomy":"category","embeddable":true,"href":"https:\/\/www.europesays.com\/fr\/wp-json\/wp\/v2\/categories?post=336368"},{"taxonomy":"post_tag","embeddable":true,"href":"https:\/\/www.europesays.com\/fr\/wp-json\/wp\/v2\/tags?post=336368"}],"curies":[{"name":"wp","href":"https:\/\/api.w.org\/{rel}","templated":true}]}}