{"id":336376,"date":"2025-08-22T14:30:12","date_gmt":"2025-08-22T14:30:12","guid":{"rendered":"https:\/\/www.europesays.com\/fr\/336376\/"},"modified":"2025-08-22T14:30:12","modified_gmt":"2025-08-22T14:30:12","slug":"toulon-avait-propose-un-contrat-de-4-ans-a-lenni-nouchi","status":"publish","type":"post","link":"https:\/\/www.europesays.com\/fr\/336376\/","title":{"rendered":"Toulon avait propos\u00e9 un contrat de 4 ans \u00e0 Lenni Nouchi"},"content":{"rendered":"<p>Montpellier vient de r\u00e9aliser un joli coup en s\u00e9curisant l\u2019avenir de l\u2019un de ses cadres les plus prometteurs.<\/p>\n<p>Le troisi\u00e8me ligne international <strong>Lenni Nouchi<\/strong> (2 s\u00e9lections), pourtant tr\u00e8s convoit\u00e9, a choisi de prolonger son contrat jusqu\u2019en 2028 avec le MHR.<\/p>\n<p>Le joueur de 21 ans, form\u00e9 du c\u00f4t\u00e9 de B\u00e9ziers et consid\u00e9r\u00e9 comme l\u2019un des grands espoirs du rugby fran\u00e7ais, avait deux options sur la table : accepter la proposition de <strong>Toulon<\/strong>, le club formateur de son p\u00e8re Samuel, qui lui offrait un contrat de quatre saisons, ou poursuivre son aventure en H\u00e9rault.<\/p>\n<p>C\u2019est finalement la stabilit\u00e9 montpelli\u00e9raine qu\u2019il a privil\u00e9gi\u00e9e.<\/p>\n<p>En prolongeant son engagement de trois ans, Nouchi confirme son attachement au projet port\u00e9 par Joan Caudullo et un effectif en pleine reconstruction.<\/p>\n<p>Sa d\u00e9cision est aussi un signal fort pour les supporters : le MHR, qui a multipli\u00e9 les mouvements cet \u00e9t\u00e9, conserve l\u2019un de ses symboles de la nouvelle g\u00e9n\u00e9ration.<\/p>\n","protected":false},"excerpt":{"rendered":"Montpellier vient de r\u00e9aliser un joli coup en s\u00e9curisant l\u2019avenir de l\u2019un de ses cadres les plus prometteurs.&hellip;\n","protected":false},"author":2,"featured_media":327903,"comment_status":"","ping_status":"","sticky":false,"template":"","format":"standard","meta":{"footnotes":""},"categories":[9619],"tags":[1111,11,1777,674,1011,27,12,882,25,2310],"class_list":{"0":"post-336376","1":"post","2":"type-post","3":"status-publish","4":"format-standard","5":"has-post-thumbnail","7":"category-toulon","8":"tag-actu","9":"tag-actualites","10":"tag-eu","11":"tag-europe","12":"tag-fr","13":"tag-france","14":"tag-news","15":"tag-provence-alpes-cote-dazur","16":"tag-republique-francaise","17":"tag-toulon"},"share_on_mastodon":{"url":"https:\/\/pubeurope.com\/@fr\/115072900975731917","error":""},"_links":{"self":[{"href":"https:\/\/www.europesays.com\/fr\/wp-json\/wp\/v2\/posts\/336376","targetHints":{"allow":["GET"]}}],"collection":[{"href":"https:\/\/www.europesays.com\/fr\/wp-json\/wp\/v2\/posts"}],"about":[{"href":"https:\/\/www.europesays.com\/fr\/wp-json\/wp\/v2\/types\/post"}],"author":[{"embeddable":true,"href":"https:\/\/www.europesays.com\/fr\/wp-json\/wp\/v2\/users\/2"}],"replies":[{"embeddable":true,"href":"https:\/\/www.europesays.com\/fr\/wp-json\/wp\/v2\/comments?post=336376"}],"version-history":[{"count":0,"href":"https:\/\/www.europesays.com\/fr\/wp-json\/wp\/v2\/posts\/336376\/revisions"}],"wp:featuredmedia":[{"embeddable":true,"href":"https:\/\/www.europesays.com\/fr\/wp-json\/wp\/v2\/media\/327903"}],"wp:attachment":[{"href":"https:\/\/www.europesays.com\/fr\/wp-json\/wp\/v2\/media?parent=336376"}],"wp:term":[{"taxonomy":"category","embeddable":true,"href":"https:\/\/www.europesays.com\/fr\/wp-json\/wp\/v2\/categories?post=336376"},{"taxonomy":"post_tag","embeddable":true,"href":"https:\/\/www.europesays.com\/fr\/wp-json\/wp\/v2\/tags?post=336376"}],"curies":[{"name":"wp","href":"https:\/\/api.w.org\/{rel}","templated":true}]}}