{"id":336377,"date":"2025-08-22T14:31:11","date_gmt":"2025-08-22T14:31:11","guid":{"rendered":"https:\/\/www.europesays.com\/fr\/336377\/"},"modified":"2025-08-22T14:31:11","modified_gmt":"2025-08-22T14:31:11","slug":"cest-une-grande-fierte-daccueillir-un-millier-de-communistes-montpellier-au-coeur-de-luniversite-dete-du-pcf","status":"publish","type":"post","link":"https:\/\/www.europesays.com\/fr\/336377\/","title":{"rendered":"\u00ab\u00a0C\u2019est une grande fiert\u00e9 d\u2019accueillir un millier de communistes\u00a0\u00bb\u00a0: Montpellier au c\u0153ur de l\u2019universit\u00e9 d\u2019\u00e9t\u00e9 du PCF"},"content":{"rendered":"<p>\n                                                                Le Parti communiste fran\u00e7ais organise son universit\u00e9 d\u2019\u00e9t\u00e9 \u00e0 Montpellier \u00e0 partir de ce vendredi\u00a022 jusqu\u2019au dimanche 24\u00a0ao\u00fbt, rassemblant pr\u00e8s d\u2019un millier de militants. Trois jours de d\u00e9bats, ateliers et formations sont pr\u00e9vus, avec une large place accord\u00e9e aux municipales de 2026. Explications avec Clara Gimenez, membre du conseil national du PCF et conseill\u00e8re municipale de Montpellier\n                            <\/p>\n<p class=\"txt-question\">Est-ce une fiert\u00e9\u00a0d\u2019organiser l\u2019universit\u00e9 d\u2019\u00e9t\u00e9 du Parti communiste \u00e0 Montpellier\u00a0?<\/p>\n<p>Pour nous, c\u2019est un d\u00e9fi d\u2019organisation, mais c\u2019est aussi une grande fiert\u00e9 de pouvoir accueillir dans la ville un millier de communistes pendant trois jours. C\u2019est toujours un moment tr\u00e8s fort et tr\u00e8s sympa en termes de fraternit\u00e9.<\/p>\n<p class=\"txt-question\">Comment se pr\u00e9pare\u00a0un rendez-vous comme \u00e7a\u00a0?<\/p>\n<p>D\u00e9j\u00e0 tr\u00e8s en amont avec les \u00e9quipes locales et\u00a0nationales de l\u2019organisation. Les \u00e9quipes nationales prennent en charge toute la question politique de l\u2019organisation et organisant les ateliers, les conf\u00e9rences et\u00a0trouvent des invit\u00e9s de marque. La partie locale, compos\u00e9 d\u2019une cinquantaine de personnes, s\u2019occupe d\u2019organiser la tenue d\u2019un bar et\u00a0l\u2019organisation d\u2019un repas fraternel.<\/p>\n<p class=\"txt-question\">Que va-t-il se passer durant trois jours\u00a0?<\/p>\n<p>On va se former, d\u00e9battre sur des sujets. On va se rencontrer et \u00e9changer parce que c\u2019est \u00e7a aussi des universit\u00e9s. Ce sont des temps officiels, mais c\u2019est aussi tout ce qui se passe au comptoir et tout ce qu\u2019on peut se dire et partager comme exp\u00e9rience, comme sujet de d\u00e9bat entre camarades.<\/p>\n<p>\u00ab\u00a0Il y a un jeu\u00a0dangereux de la part de certains\u00a0\u00bb<\/p>\n<p class=\"txt-question\">Avec le sujet des municipales en t\u00eate\u2026<\/p>\n<p>Oui, il y a un paquet d\u2019ateliers qui vont d\u00e9battre de la question des municipales. Il y a la question des alliances mais ce qui va \u00eatre\u00a0tr\u00e8s int\u00e9ressant pendant ces trois jours, ce sont\u00a0les partages d\u2019exp\u00e9riences, les th\u00e9matiques sur lesquelles les \u00e9lus communistes peuvent \u00eatre utiles pour porter un certain nombre de sujets politiques dans des majorit\u00e9s, que ce soit \u00e0 direction communiste ou dans des majorit\u00e9s plurielles.<\/p>\n<p class=\"txt-question\">Avec l\u2019exemple de Montpellier\u00a0?<\/p>\n<p>Oui mais il y aura d\u2019autres exemples, je pense aux camarades de V\u00e9nissieux ou\u00a0de Villejuif qui dirigent leur ville. C\u2019est dans cet \u00e9change qu\u2019on arrive \u00e0 construire aussi un certain nombre d\u2019id\u00e9es \u00e0 porter dans chacune de nos campagnes \u00e9lectorales.<\/p>\n<p class=\"txt-question\">Vous regrettez ce manque d\u2019union de la gauche \u00e0 pr\u00e9voir dans la future campagne\u00a0?<\/p>\n<p>Il y a un jeu dangereux de la part de certains, de ne pas vouloir aller \u00e0 l\u2019union. Pas \u00e0 l\u2019union pour dire qu\u2019on est tous ensemble, mais sur des contenus. Il y a une partie de la gauche qui s\u2019y refuse et c\u2019est bien dommage. \u00c7a fera partie\u00a0des sujets qui seront \u00e9voqu\u00e9s pendant ces trois jours.<\/p>\n<p class=\"txt-question\">Manifesterez-vous le 10\u00a0septembre \u00e0 Montpellier\u00a0?<\/p>\n<p>Il y a la question du 10\u00a0septembre, mais il y a aussi la question des mobilisations qui seront d\u00e9cid\u00e9es par l\u2019intersyndicale qui se r\u00e9unit le 1er\u00a0septembre. Ces \u00e9ch\u00e9ances-l\u00e0 seront\u00a0importantes. \u00c7a va faire partie effectivement des sujets dont on traitera dans le week-end.<\/p>\n","protected":false},"excerpt":{"rendered":"Le Parti communiste fran\u00e7ais organise son universit\u00e9 d\u2019\u00e9t\u00e9 \u00e0 Montpellier \u00e0 partir de ce vendredi\u00a022 jusqu\u2019au dimanche 24\u00a0ao\u00fbt,&hellip;\n","protected":false},"author":2,"featured_media":336378,"comment_status":"","ping_status":"","sticky":false,"template":"","format":"standard","meta":{"footnotes":""},"categories":[9599],"tags":[1111,11,1777,674,1011,27,2208,12,2680,25],"class_list":{"0":"post-336377","1":"post","2":"type-post","3":"status-publish","4":"format-standard","5":"has-post-thumbnail","7":"category-montpellier","8":"tag-actu","9":"tag-actualites","10":"tag-eu","11":"tag-europe","12":"tag-fr","13":"tag-france","14":"tag-montpellier","15":"tag-news","16":"tag-occitanie","17":"tag-republique-francaise"},"share_on_mastodon":{"url":"","error":""},"_links":{"self":[{"href":"https:\/\/www.europesays.com\/fr\/wp-json\/wp\/v2\/posts\/336377","targetHints":{"allow":["GET"]}}],"collection":[{"href":"https:\/\/www.europesays.com\/fr\/wp-json\/wp\/v2\/posts"}],"about":[{"href":"https:\/\/www.europesays.com\/fr\/wp-json\/wp\/v2\/types\/post"}],"author":[{"embeddable":true,"href":"https:\/\/www.europesays.com\/fr\/wp-json\/wp\/v2\/users\/2"}],"replies":[{"embeddable":true,"href":"https:\/\/www.europesays.com\/fr\/wp-json\/wp\/v2\/comments?post=336377"}],"version-history":[{"count":0,"href":"https:\/\/www.europesays.com\/fr\/wp-json\/wp\/v2\/posts\/336377\/revisions"}],"wp:featuredmedia":[{"embeddable":true,"href":"https:\/\/www.europesays.com\/fr\/wp-json\/wp\/v2\/media\/336378"}],"wp:attachment":[{"href":"https:\/\/www.europesays.com\/fr\/wp-json\/wp\/v2\/media?parent=336377"}],"wp:term":[{"taxonomy":"category","embeddable":true,"href":"https:\/\/www.europesays.com\/fr\/wp-json\/wp\/v2\/categories?post=336377"},{"taxonomy":"post_tag","embeddable":true,"href":"https:\/\/www.europesays.com\/fr\/wp-json\/wp\/v2\/tags?post=336377"}],"curies":[{"name":"wp","href":"https:\/\/api.w.org\/{rel}","templated":true}]}}