{"id":336379,"date":"2025-08-22T14:32:11","date_gmt":"2025-08-22T14:32:11","guid":{"rendered":"https:\/\/www.europesays.com\/fr\/336379\/"},"modified":"2025-08-22T14:32:11","modified_gmt":"2025-08-22T14:32:11","slug":"des-lachers-de-moustiques-tigres-steriles-cet-ete-pour-eviter-les-piqures-au-printemps-a-montpellier","status":"publish","type":"post","link":"https:\/\/www.europesays.com\/fr\/336379\/","title":{"rendered":"Des l\u00e2chers de moustiques tigres st\u00e9riles cet \u00e9t\u00e9 pour \u00e9viter les piq\u00fbres au printemps, \u00e0 Montpellier"},"content":{"rendered":"<p>Des premiers l\u00e2chers de moustiques tigres m\u00e2les st\u00e9riles ont eu lieu dans le quartier Malbosc de Montpellier, ce vendredi 22 ao\u00fbt. Un projet pilote dont l&rsquo;objectif est de r\u00e9duire la population des moustiques tigres sauvages, en engendrant des \u0153ufs st\u00e9riles.<\/p>\n<p>\u00c0\u00a0peine la bo\u00eete ouverte, une nu\u00e9e de 3.300 moustiques tigres s&rsquo;envole dans les jardins partag\u00e9s du quartier Malbosc. Mais ceux-l\u00e0 ne piquent pas\u00a0: ce sont <strong>des m\u00e2les qui ont \u00e9t\u00e9 st\u00e9rilis\u00e9s par rayons X<\/strong> sur le site de\u00a0<a target=\"_blank\" rel=\"nofollow noopener noreferrer\" class=\"IciLink ici-link IciArticleLink g-ici-body-regular-1 underline brand svelte-lu7k6w\" href=\"https:\/\/www.radiofrance.fr\/francebleu\/podcasts\/l-invite-d-ici-matin-herault\/terratis-une-usine-a-produire-des-moustiques-tigres-steriles-installee-a-montpellier-8887798\">Terratis, une entreprise montpelli\u00e9raine qui produit des moustiques tigres st\u00e9riles<\/a>.<\/p>\n<p>\u00ab\u00a0L&rsquo;objectif de ces m\u00e2les, c&rsquo;est d&rsquo;aller s&rsquo;accoupler avec les femelles qui sont d\u00e9j\u00e0 pr\u00e9sentes sur le terrain, explique\u00a0Clelia Oliva, pr\u00e9sidente de Terratis.\u00a0Comme <strong>les femelles ne s&rsquo;accouplent qu&rsquo;une seule fois dans leur vie<\/strong>, on fait en sorte que leur premier accouplement soit fait avec nos m\u00e2les st\u00e9riles.\u00a0\u00bb Ainsi, leurs \u0153ufs seront eux-m\u00eames st\u00e9riles.<\/p>\n<p>60 % de fertilit\u00e9 en moins<\/p>\n<p>Cette technique permet de <strong>r\u00e9duire la fertilit\u00e9 des \u0153ufs d&rsquo;environ 60 %<\/strong> la premi\u00e8re ann\u00e9e. \u00ab\u00a0Sur une premi\u00e8re ann\u00e9e d&rsquo;intervention, on ne vise pas une suppression totale de la nuisance\u00a0\u00bb, poursuit Clelia Oliva. L&rsquo;id\u00e9e est plut\u00f4t de \u00ab\u00a0pr\u00e9parer l&rsquo;ann\u00e9e prochaine, pour que les \u0153ufs qui vont passer l&rsquo;hiver soient st\u00e9riles et qu&rsquo;au printemps prochain on parte avec plus d&rsquo;efficacit\u00e9 sur l&rsquo;intervention.\u00a0\u00bb<\/p>\n<p>D&rsquo;ici-l\u00e0, <strong>un suivi va \u00eatre mis en place<\/strong> par la Ville avec diff\u00e9rents acteurs, comme l&rsquo;Entente interd\u00e9partementale pour la d\u00e9moustication (EID) M\u00e9diterran\u00e9e.\u00a0Une partie va suivre l&rsquo;efficacit\u00e9 de la st\u00e9rilisation, d\u00e9taille Karine Soul\u00e9,\u00a0directrice technique de l&rsquo;EID M\u00e9diterran\u00e9e\u00a0:\u00a0\u00ab\u00a0On va recueillir des \u0153ufs de moustiques et s&rsquo;assurer qu&rsquo;ils sont bien st\u00e9riles.\u00a0\u00bb Le suivi portera aussi sur \u00ab\u00a0l&rsquo;impact sur le nombre de moustiques adultes et notamment des femelles, puisque ce sont elles qui piquent\u00a0\u00bb.<\/p>\n<p>Une m\u00e9thode \u00e9cologique<\/p>\n<p>Selon la pr\u00e9sidente de Terratis, cette m\u00e9thode est \u00ab\u00a0la seule solution qui permet d&rsquo;avoir une efficacit\u00e9 \u00e0 grande \u00e9chelle sans pesticides\u00a0\u00bb. \u00ab\u00a0On joue de fa\u00e7on biologique et simple sur la reproduction, on n&rsquo;a <strong>pas d&rsquo;impact sur l&rsquo;\u00e9cosyst\u00e8me<\/strong>\u00ab\u00a0, poursuit-elle. La dispersion de m\u00e2les st\u00e9riles a d\u00e9j\u00e0 fait ses preuves dans l&rsquo;agriculture, sur des insectes ravageurs de culture.<\/p>\n<p>Jusqu&rsquo;\u00e0 fin septembre, deux l\u00e2chers de moustiques st\u00e9riles seront faits chaque semaine dans 26 points du quartier Malbosc.\u00a0Le co\u00fbt des op\u00e9rations est en moyenne de <strong>1.000 euros par hectare trait\u00e9<\/strong>.<\/p>\n<p>\u00c0 \u00e9couter aussi   <img decoding=\"async\" src=\"https:\/\/www.europesays.com\/fr\/wp-content\/uploads\/2025\/08\/1755873131_853_560x315\" alt=\"Les moustiques tigres sont encore \u00e0 l'\u00e9tat de larve dans le d\u00e9partement, mais plus pour longtemps\" style=\"--_image-preview:url('data:image\/jpeg;base64,\/9j\/2wBDACgcHiMeGSgjISMtKygwPGRBPDc3PHtYXUlkkYCZlo+AjIqgtObDoKrarYqMyP\/L2u71\/\/\/\/m8H\/\/\/\/6\/+b9\/\/j\/2wBDASstLTw1PHZBQXb4pYyl+Pj4+Pj4+Pj4+Pj4+Pj4+Pj4+Pj4+Pj4+Pj4+Pj4+Pj4+Pj4+Pj4+Pj4+Pj4+Pj4+Pj\/wAARCAAXACoDASIAAhEBAxEB\/8QAGAAAAwEBAAAAAAAAAAAAAAAAAAEEAgP\/xAAYEAEAAwEAAAAAAAAAAAAAAAAAAQISEf\/EABYBAQEBAAAAAAAAAAAAAAAAAAABAv\/EABURAQEAAAAAAAAAAAAAAAAAAAAR\/9oADAMBAAIRAxEAPwCWKtYdYo1hGnDBTVRNWZqCaallRNCwEVZHAAKS4AijJ4AFf\/\/Z');\" loading=\"lazy\" fetchpriority=\"low\" aria-hidden=\"true\" class=\"svelte-1pnmlwx rounded\" onload=\"this.__e=event\" onerror=\"this.__e=event\"\/><\/p>\n","protected":false},"excerpt":{"rendered":"Des premiers l\u00e2chers de moustiques tigres m\u00e2les st\u00e9riles ont eu lieu dans le quartier Malbosc de Montpellier, ce&hellip;\n","protected":false},"author":2,"featured_media":336380,"comment_status":"","ping_status":"","sticky":false,"template":"","format":"standard","meta":{"footnotes":""},"categories":[9599],"tags":[1111,11,1777,674,1011,27,2208,12,2680,25],"class_list":{"0":"post-336379","1":"post","2":"type-post","3":"status-publish","4":"format-standard","5":"has-post-thumbnail","7":"category-montpellier","8":"tag-actu","9":"tag-actualites","10":"tag-eu","11":"tag-europe","12":"tag-fr","13":"tag-france","14":"tag-montpellier","15":"tag-news","16":"tag-occitanie","17":"tag-republique-francaise"},"share_on_mastodon":{"url":"https:\/\/pubeurope.com\/@fr\/115072909035600571","error":""},"_links":{"self":[{"href":"https:\/\/www.europesays.com\/fr\/wp-json\/wp\/v2\/posts\/336379","targetHints":{"allow":["GET"]}}],"collection":[{"href":"https:\/\/www.europesays.com\/fr\/wp-json\/wp\/v2\/posts"}],"about":[{"href":"https:\/\/www.europesays.com\/fr\/wp-json\/wp\/v2\/types\/post"}],"author":[{"embeddable":true,"href":"https:\/\/www.europesays.com\/fr\/wp-json\/wp\/v2\/users\/2"}],"replies":[{"embeddable":true,"href":"https:\/\/www.europesays.com\/fr\/wp-json\/wp\/v2\/comments?post=336379"}],"version-history":[{"count":0,"href":"https:\/\/www.europesays.com\/fr\/wp-json\/wp\/v2\/posts\/336379\/revisions"}],"wp:featuredmedia":[{"embeddable":true,"href":"https:\/\/www.europesays.com\/fr\/wp-json\/wp\/v2\/media\/336380"}],"wp:attachment":[{"href":"https:\/\/www.europesays.com\/fr\/wp-json\/wp\/v2\/media?parent=336379"}],"wp:term":[{"taxonomy":"category","embeddable":true,"href":"https:\/\/www.europesays.com\/fr\/wp-json\/wp\/v2\/categories?post=336379"},{"taxonomy":"post_tag","embeddable":true,"href":"https:\/\/www.europesays.com\/fr\/wp-json\/wp\/v2\/tags?post=336379"}],"curies":[{"name":"wp","href":"https:\/\/api.w.org\/{rel}","templated":true}]}}