{"id":336381,"date":"2025-08-22T14:33:09","date_gmt":"2025-08-22T14:33:09","guid":{"rendered":"https:\/\/www.europesays.com\/fr\/336381\/"},"modified":"2025-08-22T14:33:09","modified_gmt":"2025-08-22T14:33:09","slug":"accident-sur-la150-a-lentree-de-rouen-la-circulation-fortement-ralentie","status":"publish","type":"post","link":"https:\/\/www.europesays.com\/fr\/336381\/","title":{"rendered":"Accident sur l&rsquo;A150 \u00e0 l&rsquo;entr\u00e9e de Rouen : la circulation fortement ralentie"},"content":{"rendered":"<p>            Par<br \/>\n        <strong><br \/>\n            <a href=\"https:\/\/actu.fr\/auteur\/adrien-filoche\" title=\"Consulter tous les articles de Adrien Filoche\" target=\"_blank\" rel=\"noopener\">Adrien Filoche<\/a><br \/>\n        <\/strong><\/p>\n<p>        Publi\u00e9 le<\/p>\n<p>            22 ao\u00fbt 2025 \u00e0 14h51        <\/p>\n<p><strong>La circulation au ralenti<\/strong>. Ce vendredi 22\u00a0ao\u00fbt 2025, un accident de la route s\u2019est produit sur l\u2019A150 entre <a href=\"https:\/\/actu.fr\/normandie\/barentin_76057\" target=\"_blank\" rel=\"noopener\">Barentin<\/a> et <a href=\"https:\/\/actu.fr\/normandie\/rouen_76540\" target=\"_blank\" rel=\"noopener\">Rouen<\/a> aux alentours de 14\u00a0heures.<\/p>\n<p>Des ralentissements<\/p>\n<p class=\" wall-content\">Selon Bison Fut\u00e9, deux v\u00e9hicules \u00e9taient impliqu\u00e9s dans cet accrochage et il n\u2019y avait pas de notion de bless\u00e9s.<\/p>\n<p class=\" wall-content\">Suite \u00e0 l\u2019incident, la circulation a \u00e9t\u00e9 fortement perturb\u00e9e sur l\u2019axe avec de nombreux ralentissements.<\/p>\n<p class=\" wall-content\">Prudence si vous empruntez cet itin\u00e9raire.<\/p>\n<p>Suivez l\u2019actualit\u00e9 de Rouen sur <a href=\"https:\/\/www.whatsapp.com\/channel\/0029VaKfnf99hXF2ddApFB1D\" target=\"_blank\" rel=\"noopener\">notre cha\u00eene WhatsApp<\/a> et sur <a href=\"https:\/\/www.tiktok.com\/@76actu.fr?lang=fr\" target=\"_blank\" rel=\"noopener\">notre compte TikTok<\/a><\/p>\n<p class=\" wall-content\">Personnalisez votre actualit\u00e9 en ajoutant vos villes et m\u00e9dias en favori avec <a href=\"https:\/\/moncompte.actu.fr\" title=\"D\u00e9couvez Mon Actu\" rel=\"nofollow noopener\" data-trk=\"{&quot;cta&quot;:{&quot;action&quot;:&quot;https:\\\/\\\/moncompte.actu.fr&quot;,&quot;category&quot;:&quot;mon compte&quot;,&quot;from&quot;:&quot;article footer&quot;,&quot;name&quot;:&quot;Mon actu&quot;,&quot;type&quot;:&quot;cta&quot;}}\" target=\"_blank\">Mon Actu<\/a>.<\/p>\n<p>                    <script async src=\"\/\/www.tiktok.com\/embed.js\"><\/script><\/p>\n","protected":false},"excerpt":{"rendered":"Par Adrien Filoche Publi\u00e9 le 22 ao\u00fbt 2025 \u00e0 14h51 La circulation au ralenti. Ce vendredi 22\u00a0ao\u00fbt 2025,&hellip;\n","protected":false},"author":2,"featured_media":336382,"comment_status":"","ping_status":"","sticky":false,"template":"","format":"standard","meta":{"footnotes":""},"categories":[9587],"tags":[119,1111,11,11131,1777,674,118,1011,27,12,5161,25,9590],"class_list":{"0":"post-336381","1":"post","2":"type-post","3":"status-publish","4":"format-standard","5":"has-post-thumbnail","7":"category-rouen","8":"tag-accident","9":"tag-actu","10":"tag-actualites","11":"tag-autoroute-a150","12":"tag-eu","13":"tag-europe","14":"tag-faits-divers","15":"tag-fr","16":"tag-france","17":"tag-news","18":"tag-normandie","19":"tag-republique-francaise","20":"tag-rouen"},"share_on_mastodon":{"url":"https:\/\/pubeurope.com\/@fr\/115072912730332355","error":""},"_links":{"self":[{"href":"https:\/\/www.europesays.com\/fr\/wp-json\/wp\/v2\/posts\/336381","targetHints":{"allow":["GET"]}}],"collection":[{"href":"https:\/\/www.europesays.com\/fr\/wp-json\/wp\/v2\/posts"}],"about":[{"href":"https:\/\/www.europesays.com\/fr\/wp-json\/wp\/v2\/types\/post"}],"author":[{"embeddable":true,"href":"https:\/\/www.europesays.com\/fr\/wp-json\/wp\/v2\/users\/2"}],"replies":[{"embeddable":true,"href":"https:\/\/www.europesays.com\/fr\/wp-json\/wp\/v2\/comments?post=336381"}],"version-history":[{"count":0,"href":"https:\/\/www.europesays.com\/fr\/wp-json\/wp\/v2\/posts\/336381\/revisions"}],"wp:featuredmedia":[{"embeddable":true,"href":"https:\/\/www.europesays.com\/fr\/wp-json\/wp\/v2\/media\/336382"}],"wp:attachment":[{"href":"https:\/\/www.europesays.com\/fr\/wp-json\/wp\/v2\/media?parent=336381"}],"wp:term":[{"taxonomy":"category","embeddable":true,"href":"https:\/\/www.europesays.com\/fr\/wp-json\/wp\/v2\/categories?post=336381"},{"taxonomy":"post_tag","embeddable":true,"href":"https:\/\/www.europesays.com\/fr\/wp-json\/wp\/v2\/tags?post=336381"}],"curies":[{"name":"wp","href":"https:\/\/api.w.org\/{rel}","templated":true}]}}