{"id":336383,"date":"2025-08-22T14:37:18","date_gmt":"2025-08-22T14:37:18","guid":{"rendered":"https:\/\/www.europesays.com\/fr\/336383\/"},"modified":"2025-08-22T14:37:18","modified_gmt":"2025-08-22T14:37:18","slug":"nadir-dendoune-rever-toujours-plus-haut","status":"publish","type":"post","link":"https:\/\/www.europesays.com\/fr\/336383\/","title":{"rendered":"Nadir Dendoune : r\u00eaver toujours plus haut"},"content":{"rendered":"<p>Nadir Dendoune, n\u00e9 en 1972 en Seine-Saint- Denis, est journaliste ind\u00e9pendant, \u00e9crivain et r\u00e9alisateur.<br \/>En 2008, il se fait passer pour un alpiniste chevronn\u00e9 et r\u00e9ussit l\u2019ascension de l\u2019Everest. Il raconte cet exploit dans Un tocard sur le toit du monde (2010), adapt\u00e9 au cin\u00e9ma en 2017 dans le film L\u2019Ascension, qu\u2019il co-sc\u00e9narise. Passionn\u00e9 par la question de la transmission, il parraine une association qui accompagne des jeunes des quartiers en montagne.<br \/>En 2017, il publie Nos r\u00eaves de pauvres, un r\u00e9cit intime et \u00e9mouvant sur l\u2019histoire de sa famille, venue de Kabylie dans les ann\u00e9es cinquante.<br \/>Ses \u0153uvres traitent essentiellement de la place des immigr\u00e9s en France. Il revendique une \u00e9criture au \u00ab style familier, voire argotique parfois et le droit \u00e0 l\u2019insolence, \u00e0 l\u2019irr\u00e9v\u00e9rence pour tous \u00bb.<br \/>C\u2019est pour son travail d\u2019\u00e9crivain et de passeur de cultures que la biblioth\u00e8que internationale vous invite \u00e0 sa rencontre. Rencontre organis\u00e9e en partenariat avec Grenoble Montagne.<\/p>\n","protected":false},"excerpt":{"rendered":"Nadir Dendoune, n\u00e9 en 1972 en Seine-Saint- Denis, est journaliste ind\u00e9pendant, \u00e9crivain et r\u00e9alisateur.En 2008, il se fait&hellip;\n","protected":false},"author":2,"featured_media":336384,"comment_status":"","ping_status":"","sticky":false,"template":"","format":"standard","meta":{"footnotes":""},"categories":[9566],"tags":[1111,11,2430,1777,674,1011,27,2731,12,25],"class_list":{"0":"post-336383","1":"post","2":"type-post","3":"status-publish","4":"format-standard","5":"has-post-thumbnail","7":"category-grenoble","8":"tag-actu","9":"tag-actualites","10":"tag-auvergne-rhone-alpes","11":"tag-eu","12":"tag-europe","13":"tag-fr","14":"tag-france","15":"tag-grenoble","16":"tag-news","17":"tag-republique-francaise"},"share_on_mastodon":{"url":"https:\/\/pubeurope.com\/@fr\/115072928519287486","error":""},"_links":{"self":[{"href":"https:\/\/www.europesays.com\/fr\/wp-json\/wp\/v2\/posts\/336383","targetHints":{"allow":["GET"]}}],"collection":[{"href":"https:\/\/www.europesays.com\/fr\/wp-json\/wp\/v2\/posts"}],"about":[{"href":"https:\/\/www.europesays.com\/fr\/wp-json\/wp\/v2\/types\/post"}],"author":[{"embeddable":true,"href":"https:\/\/www.europesays.com\/fr\/wp-json\/wp\/v2\/users\/2"}],"replies":[{"embeddable":true,"href":"https:\/\/www.europesays.com\/fr\/wp-json\/wp\/v2\/comments?post=336383"}],"version-history":[{"count":0,"href":"https:\/\/www.europesays.com\/fr\/wp-json\/wp\/v2\/posts\/336383\/revisions"}],"wp:featuredmedia":[{"embeddable":true,"href":"https:\/\/www.europesays.com\/fr\/wp-json\/wp\/v2\/media\/336384"}],"wp:attachment":[{"href":"https:\/\/www.europesays.com\/fr\/wp-json\/wp\/v2\/media?parent=336383"}],"wp:term":[{"taxonomy":"category","embeddable":true,"href":"https:\/\/www.europesays.com\/fr\/wp-json\/wp\/v2\/categories?post=336383"},{"taxonomy":"post_tag","embeddable":true,"href":"https:\/\/www.europesays.com\/fr\/wp-json\/wp\/v2\/tags?post=336383"}],"curies":[{"name":"wp","href":"https:\/\/api.w.org\/{rel}","templated":true}]}}