{"id":336387,"date":"2025-08-22T14:41:12","date_gmt":"2025-08-22T14:41:12","guid":{"rendered":"https:\/\/www.europesays.com\/fr\/336387\/"},"modified":"2025-08-22T14:41:12","modified_gmt":"2025-08-22T14:41:12","slug":"pourquoi-la-place-dausterlitz-va-etre-amputee-denviron-6-de-sa-surface","status":"publish","type":"post","link":"https:\/\/www.europesays.com\/fr\/336387\/","title":{"rendered":"pourquoi la place d&rsquo;Austerlitz va \u00eatre amput\u00e9e d&rsquo;environ 6 % de sa surface"},"content":{"rendered":"<p>            Par<br \/>\n        <strong><br \/>\n            <a href=\"https:\/\/actu.fr\/auteur\/ivan-capecchi\" title=\"Consulter tous les articles de Ivan CAPECCHI\" rel=\"nofollow noopener\" target=\"_blank\">Ivan CAPECCHI<\/a><br \/>\n        <\/strong><\/p>\n<p>        Publi\u00e9 le<\/p>\n<p>            22 ao\u00fbt 2025 \u00e0 16h32        <\/p>\n<p>Le chantier li\u00e9 au <a href=\"https:\/\/actu.fr\/grand-est\/strasbourg_67482\/strasbourg-pas-encore-fini-le-ring-velo-seduit-deja-c-est-super-pratique_63050060.html\" rel=\"nofollow noopener\" target=\"_blank\">ring v\u00e9lo<\/a>, ce <strong>contournement cyclable et pi\u00e9ton de la Grande-\u00cele<\/strong> \u00e0 <strong>Strasbourg<\/strong>, se poursuit.\u00a0D\u2019ici le lancement de <a href=\"https:\/\/actu.fr\/grand-est\/strasbourg_67482\/strasbourg-les-dates-du-marche-de-noel-2025-sont-connues_62710676.html\" rel=\"nofollow noopener\" target=\"_blank\">l\u2019\u00e9dition 2025 du march\u00e9 de No\u00ebl<\/a>, la municipalit\u00e9 projette d\u2019achever les portions situ\u00e9es au niveau de la <strong>place d\u2019Austerlitz<\/strong> et de la <strong>rue Sengenwald<\/strong>. Dans ce cadre, cette m\u00eame place sera <strong>amput\u00e9e de 5,8\u2009% de sa surface<\/strong>. On vous explique pourquoi.<\/p>\n<p>Rogner la place d\u2019Austerlitz pour conserver des arbres\u2026<\/p>\n<p class=\" wall-content\">L\u2019objectif de ces <a href=\"https:\/\/actu.fr\/tag\/travaux\" rel=\"nofollow noopener\" target=\"_blank\">travaux<\/a> est d\u2019int\u00e9grer une <strong>piste cyclable bidirectionnelle<\/strong> qui viendra s\u2019embrancher avec celle r\u00e9alis\u00e9e r\u00e9cemment sur la rue des Orphelins.<\/p>\n<p class=\" wall-content\">Pour le moment, la piste cyclable se coupe net au niveau de la liaison entre la rue des Orphelins et la place d\u2019Austerlitz. Une option aurait \u00e9t\u00e9 de la faire continuer tout droit, mais la municipalit\u00e9 l\u2019a \u00e9cart\u00e9e, <strong>afin de ne pas avoir \u00e0 abattre les arbres pr\u00e9sents sur cet axe<\/strong>. La future piste cyclable se trouvera donc sur la chauss\u00e9e, de l\u2019autre c\u00f4t\u00e9 de la rue.<\/p>\n<p>    <img   decoding=\"async\" loading=\"lazy\" src=\"https:\/\/www.europesays.com\/fr\/wp-content\/uploads\/2025\/08\/piste-cyclable-rue-orphelins-960x640.jpg\" alt=\"Pour le moment, la piste cyclable cr\u00e9\u00e9e sur la rue des Orphelins se coupe net \u00e0 l'issue de celle-ci.\" width=\"960\" height=\"640\"\/><br \/>\n    Pour le moment, la piste cyclable cr\u00e9\u00e9e sur la rue des Orphelins se coupe net \u00e0 l\u2019issue de celle-ci. (\u00a9Ivan Capecchi \/ Actu Strasbourg)\u2026 et permettre \u00e0 tous les modes de transport de cohabiter<\/p>\n<p class=\" wall-content\">Pour cette raison, mais aussi parce que la Ville souhaite <strong>conserver ici la circulation motoris\u00e9e<\/strong>, notamment celle des <strong>bus<\/strong>, elle n\u2019a pas d\u2019autre choix que de<strong> \u00ab\u2009rogner tr\u00e8s l\u00e9g\u00e8rement\u2009\u00bb sur la place d\u2019Austerlitz<\/strong>. \u00ab\u2009Il y aura <strong>2-3\u00a0m\u00e8tres<\/strong> qui seront pris sur la place, mais <strong>sans toucher aux arbres existants<\/strong>\u2009\u00bb, pr\u00e9cise Sophie Dupressoir, conseill\u00e8re municipale d\u00e9l\u00e9gu\u00e9e aupr\u00e8s de Suzanne Brolly pour la ville cyclable et marchable.<\/p>\n<p class=\" wall-content\">\u00ab\u2009On a essay\u00e9 de <strong>minimiser au maximum l\u2019impact sur la place<\/strong> en essayant de <strong>r\u00e9server un espace minimum aux diff\u00e9rents modes<\/strong>\u2009\u00bb, ajoute un membre des services. \u00ab\u2009Par exemple, on a entre 6,25\u00a0m et 6,50\u00a0m r\u00e9serv\u00e9s aux bus, alors qu\u2019en g\u00e9n\u00e9ral on est sur 6,50\u00a0m\u2009\u00bb, illustre-t-il.<\/p>\n<p>Votre r\u00e9gion, votre actu !<\/p>\n<p>Recevez chaque jour les infos qui comptent pour vous.<\/p>\n<p>\t<a href=\"https:\/\/actu.fr\/newsletter\" class=\"ac-btn ac-btn--corner ac-btn--medium ac-btn--blue800\" rel=\"nofollow noopener\" target=\"_blank\">S&rsquo;incrire<\/a><\/p>\n<p class=\" wall-content\">Le sciage de la place doit se faire la semaine prochaine.<\/p>\n<p class=\" wall-content\">Personnalisez votre actualit\u00e9 en ajoutant vos villes et m\u00e9dias en favori avec <a href=\"https:\/\/moncompte.actu.fr\" title=\"D\u00e9couvez Mon Actu\" rel=\"nofollow noopener\" data-trk=\"{&quot;cta&quot;:{&quot;action&quot;:&quot;https:\\\/\\\/moncompte.actu.fr&quot;,&quot;category&quot;:&quot;mon compte&quot;,&quot;from&quot;:&quot;article footer&quot;,&quot;name&quot;:&quot;Mon actu&quot;,&quot;type&quot;:&quot;cta&quot;}}\" target=\"_blank\">Mon Actu<\/a>.<\/p>\n","protected":false},"excerpt":{"rendered":"Par Ivan CAPECCHI Publi\u00e9 le 22 ao\u00fbt 2025 \u00e0 16h32 Le chantier li\u00e9 au ring v\u00e9lo, ce contournement&hellip;\n","protected":false},"author":2,"featured_media":336388,"comment_status":"","ping_status":"","sticky":false,"template":"","format":"standard","meta":{"footnotes":""},"categories":[2820],"tags":[1111,11,1777,674,1011,27,775,12,25,104,640,208],"class_list":{"0":"post-336387","1":"post","2":"type-post","3":"status-publish","4":"format-standard","5":"has-post-thumbnail","7":"category-strasbourg","8":"tag-actu","9":"tag-actualites","10":"tag-eu","11":"tag-europe","12":"tag-fr","13":"tag-france","14":"tag-grand-est","15":"tag-news","16":"tag-republique-francaise","17":"tag-societe","18":"tag-strasbourg","19":"tag-velo"},"share_on_mastodon":{"url":"https:\/\/pubeurope.com\/@fr\/115072944650271956","error":""},"_links":{"self":[{"href":"https:\/\/www.europesays.com\/fr\/wp-json\/wp\/v2\/posts\/336387","targetHints":{"allow":["GET"]}}],"collection":[{"href":"https:\/\/www.europesays.com\/fr\/wp-json\/wp\/v2\/posts"}],"about":[{"href":"https:\/\/www.europesays.com\/fr\/wp-json\/wp\/v2\/types\/post"}],"author":[{"embeddable":true,"href":"https:\/\/www.europesays.com\/fr\/wp-json\/wp\/v2\/users\/2"}],"replies":[{"embeddable":true,"href":"https:\/\/www.europesays.com\/fr\/wp-json\/wp\/v2\/comments?post=336387"}],"version-history":[{"count":0,"href":"https:\/\/www.europesays.com\/fr\/wp-json\/wp\/v2\/posts\/336387\/revisions"}],"wp:featuredmedia":[{"embeddable":true,"href":"https:\/\/www.europesays.com\/fr\/wp-json\/wp\/v2\/media\/336388"}],"wp:attachment":[{"href":"https:\/\/www.europesays.com\/fr\/wp-json\/wp\/v2\/media?parent=336387"}],"wp:term":[{"taxonomy":"category","embeddable":true,"href":"https:\/\/www.europesays.com\/fr\/wp-json\/wp\/v2\/categories?post=336387"},{"taxonomy":"post_tag","embeddable":true,"href":"https:\/\/www.europesays.com\/fr\/wp-json\/wp\/v2\/tags?post=336387"}],"curies":[{"name":"wp","href":"https:\/\/api.w.org\/{rel}","templated":true}]}}