{"id":336389,"date":"2025-08-22T14:42:13","date_gmt":"2025-08-22T14:42:13","guid":{"rendered":"https:\/\/www.europesays.com\/fr\/336389\/"},"modified":"2025-08-22T14:42:13","modified_gmt":"2025-08-22T14:42:13","slug":"strasbourg-la-capitale-alsacienne-troisieme-ville-ou-il-fait-bon-vivre-en-2025-selon-moneyradar","status":"publish","type":"post","link":"https:\/\/www.europesays.com\/fr\/336389\/","title":{"rendered":"Strasbourg. La capitale alsacienne troisi\u00e8me \u00ab\u200aville o\u00f9 il fait bon vivre en 2025\u200a\u00bb, selon MoneyRadar"},"content":{"rendered":"<p>Selon le site \u00ab\u200ad\u2019\u00e9ducation et d\u2019information pour les investisseurs fran\u00e7ais\u200a\u00bb <a href=\"https:\/\/moneyradar.org\/articles-economie-societe\/top-ville-bon-vivre-france-2025\" target=\"_blank\" rel=\"noopener\">MoneyRadar<\/a>, \u00ab\u200ale choix d\u2019une ville ne se r\u00e9sume pas seulement \u00e0 son dynamisme \u00e9conomique ou \u00e0 son attractivit\u00e9 touristique\u200a\u00bb. Pour beaucoup, \u00ab\u200ala qualit\u00e9 de vie est devenue un crit\u00e8re essentiel, m\u00ealant bien-\u00eatre, s\u00e9curit\u00e9, acc\u00e8s aux services et cadre de vie agr\u00e9able\u200a\u00bb. Strasbourg termine ainsi \u00e0 la 3e place du podium de son classement les villes fran\u00e7aises o\u00f9 il fait vraiment bon vivre en 2025.<\/p>\n<p>La ville alsacienne combine \u00ab\u200aexcellents soins et \u00e9quipements sportifs performants\u200a\u00bb. Cependant, souligne le site, \u00ab\u200ason faible score <a href=\"https:\/\/www.dna.fr\/environnement\/2025\/05\/06\/plan-canopee-contre-les-coups-de-chaud-deja-plus-de-5-000-arbres-plantes\" target=\"_blank\" rel=\"noopener\">en espace arbor\u00e9<\/a> (seulement 38\u00a0m2 par habitant) limite sa progression dans le classement\u200a\u00bb. En revanche, \u00ab\u200aau vu des crit\u00e8res choisis <a href=\"https:\/\/www.dna.fr\/faits-divers-justice\/2025\/04\/14\/moins-de-deals-moins-de-trafic-les-chiffres-de-la-delinquance-en-baisse-au-quartier-gare\" target=\"_blank\" rel=\"noopener\">en mati\u00e8re de s\u00e9curit\u00e9<\/a> (agressions, cambriolages et vol de v\u00e9hicules), la ville est actuellement en top du classement avec \u201cseulement\u201d 6,6 cas pour 1\u200a000 habitants\u200a\u00bb.<\/p>\n<p class=\"insetTitle\">Comment est \u00e9tabli le palmar\u00e8s<\/p>\n<p>Pour \u00e9tablir ce classement, quatre crit\u00e8res ont \u00e9t\u00e9 retenus\u200a: l\u2019acc\u00e8s aux soins (nombre d\u2019h\u00f4pitaux et cliniques pour 1\u200a000 habitants), o\u00f9 Strasbourg est 4e ; les infrastructures sportives (nombre de piscines, gymnases et stades disponibles pour 1\u200a000 habitants), o\u00f9 Strasbourg est l\u00e0 aussi 4e ; les espaces verts (surface moyenne d\u2019espaces arbor\u00e9s et de zones naturelles accessibles par habitant), o\u00f9 Strasbourg est 15e; et enfin la s\u00e9curit\u00e9 (somme des agressions, cambriolages et vol des voitures pour 1\u200a000 habitants), o\u00f9 Strasbourg est le meilleur \u00e9l\u00e8ve.<\/p>\n<p>  Brest et Metz en t\u00eate<\/p>\n<p>Les grandes m\u00e9tropoles r\u00e9gionales qui arrivent en t\u00eate sont\u200a: Brest (1er) avec 0,6 centres sportifs pour 1\u200a000 habitants et 60\u00a0m2 de verdure par habitant\u200a; Metz (2e), record fran\u00e7ais avec 61\u00a0m2 d\u2019espaces verts par personne\u200a; et Strasbourg (3e), ville la plus s\u00fbre avec 6,6 incidents pour 1\u200a000 habitants. Dijon, Nancy et Rennes compl\u00e8tent le top 6.<\/p>\n<p>Un classement qui valide, selon MoneyRadar, \u00ab\u200ales choix de vie de milliers de familles ayant quitt\u00e9 Paris, Lyon ou Marseille pour s\u2019installer dans ces territoires offrant un meilleur \u00e9quilibre\u200a\u00bb.<\/p>\n","protected":false},"excerpt":{"rendered":"Selon le site \u00ab\u200ad\u2019\u00e9ducation et d\u2019information pour les investisseurs fran\u00e7ais\u200a\u00bb MoneyRadar, \u00ab\u200ale choix d\u2019une ville ne se r\u00e9sume&hellip;\n","protected":false},"author":2,"featured_media":336390,"comment_status":"","ping_status":"","sticky":false,"template":"","format":"standard","meta":{"footnotes":""},"categories":[2820],"tags":[1111,11,2389,2649,2880,1777,674,107,1011,27,775,12,25,104,640,2879,602],"class_list":{"0":"post-336389","1":"post","2":"type-post","3":"status-publish","4":"format-standard","5":"has-post-thumbnail","7":"category-strasbourg","8":"tag-actu","9":"tag-actualites","10":"tag-alsace","11":"tag-bas-rhin","12":"tag-edition-strasbourg","13":"tag-eu","14":"tag-europe","15":"tag-fil-info","16":"tag-fr","17":"tag-france","18":"tag-grand-est","19":"tag-news","20":"tag-republique-francaise","21":"tag-societe","22":"tag-strasbourg","23":"tag-strasbourg-ville","24":"tag-tourisme"},"share_on_mastodon":{"url":"https:\/\/pubeurope.com\/@fr\/115072948272254884","error":""},"_links":{"self":[{"href":"https:\/\/www.europesays.com\/fr\/wp-json\/wp\/v2\/posts\/336389","targetHints":{"allow":["GET"]}}],"collection":[{"href":"https:\/\/www.europesays.com\/fr\/wp-json\/wp\/v2\/posts"}],"about":[{"href":"https:\/\/www.europesays.com\/fr\/wp-json\/wp\/v2\/types\/post"}],"author":[{"embeddable":true,"href":"https:\/\/www.europesays.com\/fr\/wp-json\/wp\/v2\/users\/2"}],"replies":[{"embeddable":true,"href":"https:\/\/www.europesays.com\/fr\/wp-json\/wp\/v2\/comments?post=336389"}],"version-history":[{"count":0,"href":"https:\/\/www.europesays.com\/fr\/wp-json\/wp\/v2\/posts\/336389\/revisions"}],"wp:featuredmedia":[{"embeddable":true,"href":"https:\/\/www.europesays.com\/fr\/wp-json\/wp\/v2\/media\/336390"}],"wp:attachment":[{"href":"https:\/\/www.europesays.com\/fr\/wp-json\/wp\/v2\/media?parent=336389"}],"wp:term":[{"taxonomy":"category","embeddable":true,"href":"https:\/\/www.europesays.com\/fr\/wp-json\/wp\/v2\/categories?post=336389"},{"taxonomy":"post_tag","embeddable":true,"href":"https:\/\/www.europesays.com\/fr\/wp-json\/wp\/v2\/tags?post=336389"}],"curies":[{"name":"wp","href":"https:\/\/api.w.org\/{rel}","templated":true}]}}