{"id":336391,"date":"2025-08-22T14:43:14","date_gmt":"2025-08-22T14:43:14","guid":{"rendered":"https:\/\/www.europesays.com\/fr\/336391\/"},"modified":"2025-08-22T14:43:14","modified_gmt":"2025-08-22T14:43:14","slug":"un-feu-se-declare-sur-un-pointu-au-port-de-nice-les-pompiers-interviennent","status":"publish","type":"post","link":"https:\/\/www.europesays.com\/fr\/336391\/","title":{"rendered":"Un feu se d\u00e9clare sur un pointu au port de Nice, les pompiers interviennent"},"content":{"rendered":"<p>Un feu a pris sur un vieux pointu du port de Nice, ce vendredi 22 ao\u00fbt, aux alentours de 13h. Plus pr\u00e9cis\u00e9ment, c\u2019est une batterie au lithium qui s\u2019est embras\u00e9e.<\/p>\n<p>\u00ab\u00a0L\u2019action rapide des soldats du feu \u00e0 permis de ma\u00eetriser le sinistre, pr\u00e9cise le SDIS06 (Service d\u00e9partemental d\u2019incendie et de secours). Ils ont \u00e9tabli une lance \u00e0 main pour enrayer la propagation. La batterie a ensuite \u00e9t\u00e9 immerg\u00e9e dans un bac d\u2019eau afin de poursuivre le refroidissement de celle-ci, conform\u00e9ment aux r\u00e8gles d\u2019usage.\u00a0\u00bb<\/p>\n<p><strong>Un pointu baptis\u00e9 \u00ab\u00a0Toulon\u00a0\u00bb<\/strong><\/p>\n<p>18 sapeurs pompiers ont particip\u00e9 \u00e0 l\u2019intervention, avec 10 engins. Les polices nationales et municipales, ainsi que les autorit\u00e9s portuaires, \u00e9taient \u00e9galement sur les lieux, pr\u00e9cise le Sdis06 \u00ab\u00a0Des contr\u00f4les au moyen de la cam\u00e9ra thermique ont confirm\u00e9 l\u2019absence de danger \u00e0 bord du bateau\u00a0\u00bb, ajoutent les pompiers.<\/p>\n<p>Selon deux vieux briscards du port, qui ont pr\u00e9f\u00e9r\u00e9 rester anonymes, le bateau appartiendrait \u00e0 un Anglais, propri\u00e9taire d\u2019un restaurant du port, \u00ab\u00a0qui est tout de suite venu s\u2019excuser, un mec hyper-sympa\u00a0\u00bb. Le bateau, tr\u00e8s vieux, baptis\u00e9 Toulon, n\u2019a pas \u00e9t\u00e9 r\u00e9ellement endommag\u00e9, selon les deux hommes. Il devrait bient\u00f4t \u00eatre retap\u00e9 enti\u00e8rement.<\/p>\n","protected":false},"excerpt":{"rendered":"Un feu a pris sur un vieux pointu du port de Nice, ce vendredi 22 ao\u00fbt, aux alentours&hellip;\n","protected":false},"author":2,"featured_media":336392,"comment_status":"","ping_status":"","sticky":false,"template":"","format":"standard","meta":{"footnotes":""},"categories":[2819],"tags":[1111,11,1777,674,1011,27,12,2401,882,25,3366],"class_list":{"0":"post-336391","1":"post","2":"type-post","3":"status-publish","4":"format-standard","5":"has-post-thumbnail","7":"category-nice","8":"tag-actu","9":"tag-actualites","10":"tag-eu","11":"tag-europe","12":"tag-fr","13":"tag-france","14":"tag-news","15":"tag-nice","16":"tag-provence-alpes-cote-dazur","17":"tag-republique-francaise","18":"tag-vie-locale"},"share_on_mastodon":{"url":"https:\/\/pubeurope.com\/@fr\/115072952097206253","error":""},"_links":{"self":[{"href":"https:\/\/www.europesays.com\/fr\/wp-json\/wp\/v2\/posts\/336391","targetHints":{"allow":["GET"]}}],"collection":[{"href":"https:\/\/www.europesays.com\/fr\/wp-json\/wp\/v2\/posts"}],"about":[{"href":"https:\/\/www.europesays.com\/fr\/wp-json\/wp\/v2\/types\/post"}],"author":[{"embeddable":true,"href":"https:\/\/www.europesays.com\/fr\/wp-json\/wp\/v2\/users\/2"}],"replies":[{"embeddable":true,"href":"https:\/\/www.europesays.com\/fr\/wp-json\/wp\/v2\/comments?post=336391"}],"version-history":[{"count":0,"href":"https:\/\/www.europesays.com\/fr\/wp-json\/wp\/v2\/posts\/336391\/revisions"}],"wp:featuredmedia":[{"embeddable":true,"href":"https:\/\/www.europesays.com\/fr\/wp-json\/wp\/v2\/media\/336392"}],"wp:attachment":[{"href":"https:\/\/www.europesays.com\/fr\/wp-json\/wp\/v2\/media?parent=336391"}],"wp:term":[{"taxonomy":"category","embeddable":true,"href":"https:\/\/www.europesays.com\/fr\/wp-json\/wp\/v2\/categories?post=336391"},{"taxonomy":"post_tag","embeddable":true,"href":"https:\/\/www.europesays.com\/fr\/wp-json\/wp\/v2\/tags?post=336391"}],"curies":[{"name":"wp","href":"https:\/\/api.w.org\/{rel}","templated":true}]}}