{"id":336393,"date":"2025-08-22T14:45:23","date_gmt":"2025-08-22T14:45:23","guid":{"rendered":"https:\/\/www.europesays.com\/fr\/336393\/"},"modified":"2025-08-22T14:45:23","modified_gmt":"2025-08-22T14:45:23","slug":"ludinese-fait-une-offre-pour-amidou-doumbouya","status":"publish","type":"post","link":"https:\/\/www.europesays.com\/fr\/336393\/","title":{"rendered":"l\u2019Udinese fait une offre pour Amidou Doumbouya"},"content":{"rendered":"<p>Arriv\u00e9 \u00e0 <a href=\"https:\/\/www.footmercato.net\/club\/ogc-nice\/\" rel=\"nofollow noopener\" target=\"_blank\">Nice<\/a> en 2023 en provenance de Sochaux dot\u00e9 d\u2019une belle r\u00e9putation, <a href=\"https:\/\/www.footmercato.net\/joueur\/amidou-doumbouya\/\" rel=\"nofollow noopener\" target=\"_blank\">Amidou Doumbouya<\/a> pourrait bien en repartir plus vite que pr\u00e9vu. Ce d\u00e9fenseur central gaucher de 18 ans, dot\u00e9 d\u2019une belle puissance physique et d\u2019une maturit\u00e9 int\u00e9ressante pour son \u00e2ge, est un membre \u00e0 part enti\u00e8re de l\u2019\u00c9quipe de France U18 (12 s\u00e9lections &#8211; 1 but) et a d\u00e9j\u00e0 fait 4 apparitions en pro avec le Gym. Le club azur\u00e9en a formul\u00e9 une proposition de contrat \u00e0 son prometteur d\u00e9fenseur. <\/p>\n<p>            La suite apr\u00e8s cette publicit\u00e9<\/p>\n<p>Mais ce dernier a refus\u00e9 celle-ci et compte bien partir libre en 2026. Face \u00e0 cette fin de non-recevoir de Doumbouya, Nice s\u2019active pour lui trouver une porte de sortie pour r\u00e9cup\u00e9rer une indemnit\u00e9 de transfert. Selon nos informations, le Gym a re\u00e7u une proposition de l\u2019Udinese. Mais vu le montant propos\u00e9, Nice s\u2019est senti insult\u00e9 et a rejet\u00e9 la proposition du club du Frioul. \u00c0 suivre.<\/p>\n<p>\n    Pub. le 22\/08\/2025 16:31<br \/>\n            &#8211; MAJ le 22\/08\/2025 16:32\n    <\/p>\n","protected":false},"excerpt":{"rendered":"Arriv\u00e9 \u00e0 Nice en 2023 en provenance de Sochaux dot\u00e9 d\u2019une belle r\u00e9putation, Amidou Doumbouya pourrait bien en&hellip;\n","protected":false},"author":2,"featured_media":336394,"comment_status":"","ping_status":"","sticky":false,"template":"","format":"standard","meta":{"footnotes":""},"categories":[2819],"tags":[1111,11,1777,674,1011,27,12,2401,882,25],"class_list":{"0":"post-336393","1":"post","2":"type-post","3":"status-publish","4":"format-standard","5":"has-post-thumbnail","7":"category-nice","8":"tag-actu","9":"tag-actualites","10":"tag-eu","11":"tag-europe","12":"tag-fr","13":"tag-france","14":"tag-news","15":"tag-nice","16":"tag-provence-alpes-cote-dazur","17":"tag-republique-francaise"},"share_on_mastodon":{"url":"https:\/\/pubeurope.com\/@fr\/115072959960371257","error":""},"_links":{"self":[{"href":"https:\/\/www.europesays.com\/fr\/wp-json\/wp\/v2\/posts\/336393","targetHints":{"allow":["GET"]}}],"collection":[{"href":"https:\/\/www.europesays.com\/fr\/wp-json\/wp\/v2\/posts"}],"about":[{"href":"https:\/\/www.europesays.com\/fr\/wp-json\/wp\/v2\/types\/post"}],"author":[{"embeddable":true,"href":"https:\/\/www.europesays.com\/fr\/wp-json\/wp\/v2\/users\/2"}],"replies":[{"embeddable":true,"href":"https:\/\/www.europesays.com\/fr\/wp-json\/wp\/v2\/comments?post=336393"}],"version-history":[{"count":0,"href":"https:\/\/www.europesays.com\/fr\/wp-json\/wp\/v2\/posts\/336393\/revisions"}],"wp:featuredmedia":[{"embeddable":true,"href":"https:\/\/www.europesays.com\/fr\/wp-json\/wp\/v2\/media\/336394"}],"wp:attachment":[{"href":"https:\/\/www.europesays.com\/fr\/wp-json\/wp\/v2\/media?parent=336393"}],"wp:term":[{"taxonomy":"category","embeddable":true,"href":"https:\/\/www.europesays.com\/fr\/wp-json\/wp\/v2\/categories?post=336393"},{"taxonomy":"post_tag","embeddable":true,"href":"https:\/\/www.europesays.com\/fr\/wp-json\/wp\/v2\/tags?post=336393"}],"curies":[{"name":"wp","href":"https:\/\/api.w.org\/{rel}","templated":true}]}}