{"id":336408,"date":"2025-08-22T15:00:14","date_gmt":"2025-08-22T15:00:14","guid":{"rendered":"https:\/\/www.europesays.com\/fr\/336408\/"},"modified":"2025-08-22T15:00:14","modified_gmt":"2025-08-22T15:00:14","slug":"video-ligue-1-il-devrait-arriver-lundi-quand-le-president-de-lille-plaisante-sur-leventuel-retour-dun-champion-du-monde-2018-au-club","status":"publish","type":"post","link":"https:\/\/www.europesays.com\/fr\/336408\/","title":{"rendered":"VID\u00c9O. Ligue 1\u00a0: \u00ab\u00a0Il devrait arriver lundi\u00a0!\u00a0\u00bb Quand le pr\u00e9sident de Lille plaisante sur l\u2019\u00e9ventuel retour d\u2019un champion du monde 2018 au club"},"content":{"rendered":"<p>\n                                                                    l&rsquo;essentiel<br \/>\n                                                                Le pr\u00e9sident du LOSC, Olivier L\u00e9tang, a plaisant\u00e9 ce 22\u00a0ao\u00fbt en conf\u00e9rence de presse autour des rumeurs concernant le possible retour d\u2019un champion du monde 2018 au club. Une hypoth\u00e8se qui ne lui d\u00e9pla\u00eet pas, mais appara\u00eet financi\u00e8rement compliqu\u00e9e.\n                            <\/p>\n<p>Important de garder le sens de l\u2019humour. Interrog\u00e9 ce 22\u00a0ao\u00fbt en conf\u00e9rence de presse sur l\u2019\u00e9ventuel retour de Benjamin Pavard au LOSC (2015-2016), le pr\u00e9sident du club, Olivier L\u00e9tang, n\u2019a pas pu s\u2019emp\u00eacher une petite blague\u00a0: \u00ab\u00a0Il devrait arriver lundi, Benjamin. Une bonne nouvelle\u00a0\u00bb. Une annonce qui a laiss\u00e9 un blanc dans la salle avant que le pr\u00e9sident lillois ne rie de sa propre blague. De quoi d\u00e9tendre l\u2019atmosph\u00e8re avant que L\u00e9tang n\u2019explique en quoi ce transfert para\u00eet impossible \u00e0 r\u00e9aliser.<\/p>\n<p class=\"std-elt__inline\">\n        <strong>\u00c0 lire aussi :<\/strong><br \/>\n        <a href=\"https:\/\/www.ladepeche.fr\/2025\/08\/17\/ligue-1-pourquoi-des-supporters-parisiens-ont-ete-obliges-dacheter-le-maillot-du-fc-nantes-pour-entrer-au-stade-12880858.php\" rel=\"nofollow noopener\" target=\"_blank\">Ligue 1\u00a0: pourquoi des supporters parisiens ont \u00e9t\u00e9 oblig\u00e9s d\u2019acheter le maillot du FC Nantes pour entrer au stade<\/a>\n    <\/p>\n<p>Il confie que \u00ab\u00a0le transfert, on ne sait pas\u00a0le payer\u00a0\u00bb. Actuellement sous contrat avec l\u2019Inter Milan jusqu\u2019en 2028, le d\u00e9fenseur form\u00e9 au LOSC aurait eu des envies d\u2019ailleurs. Des rumeurs confirm\u00e9es par le pr\u00e9sident lillois\u00a0: \u00ab\u00a0J\u2019ai vu, j\u2019ai lu des choses. J\u2019ai appel\u00e9 Benjamin, on s\u2019est parl\u00e9. [\u2026] Je le lui ai dit, j\u2019adorerais qu\u2019il revienne.\u00a0\u00bb L\u2019ancien directeur sportif du PSG (2013-2017) admet que le retour du champion du monde 2018 au club se heurte\u00a0\u00e0 \u00ab\u00a0des consid\u00e9rations \u00e9conomiques qui sont aujourd\u2019hui impossibles \u00e0 r\u00e9aliser\u00a0\u00bb.<\/p>\n","protected":false},"excerpt":{"rendered":"l&rsquo;essentiel Le pr\u00e9sident du LOSC, Olivier L\u00e9tang, a plaisant\u00e9 ce 22\u00a0ao\u00fbt en conf\u00e9rence de presse autour des rumeurs&hellip;\n","protected":false},"author":2,"featured_media":336409,"comment_status":"","ping_status":"","sticky":false,"template":"","format":"standard","meta":{"footnotes":""},"categories":[2815],"tags":[1111,11,1777,674,1011,27,811,1307,12,25],"class_list":{"0":"post-336408","1":"post","2":"type-post","3":"status-publish","4":"format-standard","5":"has-post-thumbnail","7":"category-lille","8":"tag-actu","9":"tag-actualites","10":"tag-eu","11":"tag-europe","12":"tag-fr","13":"tag-france","14":"tag-hauts-de-france","15":"tag-lille","16":"tag-news","17":"tag-republique-francaise"},"share_on_mastodon":{"url":"https:\/\/pubeurope.com\/@fr\/115073018898011987","error":""},"_links":{"self":[{"href":"https:\/\/www.europesays.com\/fr\/wp-json\/wp\/v2\/posts\/336408","targetHints":{"allow":["GET"]}}],"collection":[{"href":"https:\/\/www.europesays.com\/fr\/wp-json\/wp\/v2\/posts"}],"about":[{"href":"https:\/\/www.europesays.com\/fr\/wp-json\/wp\/v2\/types\/post"}],"author":[{"embeddable":true,"href":"https:\/\/www.europesays.com\/fr\/wp-json\/wp\/v2\/users\/2"}],"replies":[{"embeddable":true,"href":"https:\/\/www.europesays.com\/fr\/wp-json\/wp\/v2\/comments?post=336408"}],"version-history":[{"count":0,"href":"https:\/\/www.europesays.com\/fr\/wp-json\/wp\/v2\/posts\/336408\/revisions"}],"wp:featuredmedia":[{"embeddable":true,"href":"https:\/\/www.europesays.com\/fr\/wp-json\/wp\/v2\/media\/336409"}],"wp:attachment":[{"href":"https:\/\/www.europesays.com\/fr\/wp-json\/wp\/v2\/media?parent=336408"}],"wp:term":[{"taxonomy":"category","embeddable":true,"href":"https:\/\/www.europesays.com\/fr\/wp-json\/wp\/v2\/categories?post=336408"},{"taxonomy":"post_tag","embeddable":true,"href":"https:\/\/www.europesays.com\/fr\/wp-json\/wp\/v2\/tags?post=336408"}],"curies":[{"name":"wp","href":"https:\/\/api.w.org\/{rel}","templated":true}]}}