{"id":336410,"date":"2025-08-22T15:02:21","date_gmt":"2025-08-22T15:02:21","guid":{"rendered":"https:\/\/www.europesays.com\/fr\/336410\/"},"modified":"2025-08-22T15:02:21","modified_gmt":"2025-08-22T15:02:21","slug":"marseille-cette-residence-a-nouveau-visee-par-des-tirs-la-violence-monte-dun-cran","status":"publish","type":"post","link":"https:\/\/www.europesays.com\/fr\/336410\/","title":{"rendered":"Marseille. Cette r\u00e9sidence \u00e0 nouveau vis\u00e9e par des tirs, la violence monte d&rsquo;un cran"},"content":{"rendered":"<p>            Par<br \/>\n        <strong><br \/>\n            <a href=\"https:\/\/actu.fr\/auteur\/thibault-nadal-actu-fr\" title=\"Consulter tous les articles de Thibault Nadal\" rel=\"nofollow noopener\" target=\"_blank\">Thibault Nadal<\/a><br \/>\n        <\/strong><\/p>\n<p>        Publi\u00e9 le<\/p>\n<p>            22 ao\u00fbt 2025 \u00e0 16h53        <\/p>\n<p><strong>INFO ACTU MARSEILLE<\/strong>. Nouvelle matin\u00e9e difficile pour les habitants des quartiers sud de <a href=\"https:\/\/actu.fr\/marseille\/\" rel=\"nofollow noopener\" target=\"_blank\">Marseille<\/a>. Ce vendredi 22\u00a0ao\u00fbt 2025, plusieurs ont confi\u00e9 avoir \u00e9t\u00e9 r\u00e9veill\u00e9s par \u00ab\u2009une explosion\u2009\u00bb. Contact\u00e9 par actu Marseille, Blaise Rosato, adjoint \u00e0 la S\u00e9curit\u00e9 \u00e0 la mairie des 9e et 10e arrondissements, r\u00e9v\u00e8le que la porte d\u2019entr\u00e9e d\u2019une r\u00e9sidence a \u00e9t\u00e9 vis\u00e9e <strong>par \u00ab\u2009deux tirs d\u2019armes \u00e0 feux\u2009\u00bb<\/strong>.<\/p>\n<p class=\" wall-content\">Mais ce n\u2019est pas n\u2019importe quel b\u00e2timent. Le 13\u00a0ao\u00fbt dernier, un de ses appartements avait \u00e9t\u00e9 <strong>vis\u00e9 par des tirs de mortiers<\/strong>. <a href=\"https:\/\/actu.fr\/provence-alpes-cote-d-azur\/marseille_13055\/a-marseille-un-mortier-explose-dans-le-salon-d-une-femme-de-92-ans-de-gros-degats_63030604.html\" rel=\"nofollow noopener\" target=\"_blank\">Le s\u00e9jour d\u2019une mamie de 92\u00a0ans avait alors \u00e9t\u00e9 totalement d\u00e9truit<\/a>.<\/p>\n<p>\u00ab\u2009Il n\u2019y a pas de hasard\u2009\u00bb<\/p>\n<p class=\" wall-content\">Il \u00e9tait 6h30 ce matin quand plusieurs r\u00e9sidents du quartier de La Soude et plus pr\u00e9cis\u00e9ment de <strong>l\u2019avenue de la Martheline<\/strong> ont \u00e9t\u00e9 r\u00e9veill\u00e9s en sursaut. Une r\u00e9sidence, d\u00e9j\u00e0 attaqu\u00e9e, la semaine, a de nouveau \u00e9t\u00e9 vis\u00e9e par des tirs d\u2019armes \u00e0 feux, cette fois. \u00ab\u2009Deux impacts de balles ont \u00e9t\u00e9 retrouv\u00e9s sur la porte d\u2019entr\u00e9e\u2009\u00bb, explique Blaise Rosato.<\/p>\n<p>    <a href=\"https:\/\/www.google.com\/maps\/embed?pb=!1m18!1m12!1m3!1d5812.545338681181!2d5.397769374918801!3d43.24570687869291!2m3!1f0!2f0!3f0!3m2!1i1024!2i768!4f13.1!3m3!1m2!1s0x12c9b8841e32edf7%3A0x98fc889890cf7ff8!2sAv.%20de%20la%20Martheline%2C%2013009%20Marseille!5e0!3m2!1sfr!2sfr!4v1755872983198!5m2!1sfr!2sfr\" title=\"Ouvrie le lien\" rel=\"nofollow noopener\" target=\"_blank\">Cliquez ici pour visualiser le contenu<\/a><\/p>\n<p class=\" wall-content\">Pour l\u2019\u00e9lu en charge de s\u00e9curit\u00e9, ce nouvel incident n\u2019est pas \u00ab\u2009un hasard\u2009\u00bb. M\u00eame s\u2019il assure que <strong>ce n\u2019est pas l\u2019appartement de la retrait\u00e9e de 92\u00a0ans qui \u00e9tait vis\u00e9<\/strong>, mais une autre famille.<\/p>\n<p class=\" wall-content\">En revanche, pour lui, \u00ab\u2009pas de doute\u2009\u00bb\u2009: <strong>les deux affaires sont li\u00e9es<\/strong>. \u00ab\u2009C\u2019est ce vers quoi s\u2019orientent les enqu\u00eateurs de la brigade Sud\u2009\u00bb, affirme-t-il.<\/p>\n<p>Des patrouilles d\u00e9ploy\u00e9es d\u00e8s ce soir<\/p>\n<p class=\" wall-content\">En attendant la r\u00e9solution de ces deux enqu\u00eates, Blaise Rosato a demand\u00e9 le renforcement des patrouilles d\u00e8s ce vendredi soir.<\/p>\n<p>Votre r\u00e9gion, votre actu !<\/p>\n<p>Recevez chaque jour les infos qui comptent pour vous.<\/p>\n<p>\t<a href=\"https:\/\/actu.fr\/newsletter\" class=\"ac-btn ac-btn--corner ac-btn--medium ac-btn--blue800\" rel=\"nofollow noopener\" target=\"_blank\">S&rsquo;incrire<\/a><\/p>\n<p class=\" wall-content\">\u00ab\u2009Il faut beaucoup de pr\u00e9sences de policiers, en tenue, pour <strong>calmer ce qui est en train de monter<\/strong>\u2009\u00bb, explique l\u2019adjoint \u00e0 la S\u00e9curit\u00e9.<\/p>\n<p class=\" wall-content\">Personnalisez votre actualit\u00e9 en ajoutant vos villes et m\u00e9dias en favori avec <a href=\"https:\/\/moncompte.actu.fr\" title=\"D\u00e9couvez Mon Actu\" rel=\"nofollow noopener\" data-trk=\"{&quot;cta&quot;:{&quot;action&quot;:&quot;https:\\\/\\\/moncompte.actu.fr&quot;,&quot;category&quot;:&quot;mon compte&quot;,&quot;from&quot;:&quot;article footer&quot;,&quot;name&quot;:&quot;Mon actu&quot;,&quot;type&quot;:&quot;cta&quot;}}\" target=\"_blank\">Mon Actu<\/a>.<\/p>\n","protected":false},"excerpt":{"rendered":"Par Thibault Nadal Publi\u00e9 le 22 ao\u00fbt 2025 \u00e0 16h53 INFO ACTU MARSEILLE. Nouvelle matin\u00e9e difficile pour les&hellip;\n","protected":false},"author":2,"featured_media":336411,"comment_status":"","ping_status":"","sticky":false,"template":"","format":"standard","meta":{"footnotes":""},"categories":[2814],"tags":[1111,11,1777,674,1011,27,884,12,1072,882,25,104],"class_list":{"0":"post-336410","1":"post","2":"type-post","3":"status-publish","4":"format-standard","5":"has-post-thumbnail","7":"category-marseille","8":"tag-actu","9":"tag-actualites","10":"tag-eu","11":"tag-europe","12":"tag-fr","13":"tag-france","14":"tag-marseille","15":"tag-news","16":"tag-police","17":"tag-provence-alpes-cote-dazur","18":"tag-republique-francaise","19":"tag-societe"},"share_on_mastodon":{"url":"https:\/\/pubeurope.com\/@fr\/115073026808784530","error":""},"_links":{"self":[{"href":"https:\/\/www.europesays.com\/fr\/wp-json\/wp\/v2\/posts\/336410","targetHints":{"allow":["GET"]}}],"collection":[{"href":"https:\/\/www.europesays.com\/fr\/wp-json\/wp\/v2\/posts"}],"about":[{"href":"https:\/\/www.europesays.com\/fr\/wp-json\/wp\/v2\/types\/post"}],"author":[{"embeddable":true,"href":"https:\/\/www.europesays.com\/fr\/wp-json\/wp\/v2\/users\/2"}],"replies":[{"embeddable":true,"href":"https:\/\/www.europesays.com\/fr\/wp-json\/wp\/v2\/comments?post=336410"}],"version-history":[{"count":0,"href":"https:\/\/www.europesays.com\/fr\/wp-json\/wp\/v2\/posts\/336410\/revisions"}],"wp:featuredmedia":[{"embeddable":true,"href":"https:\/\/www.europesays.com\/fr\/wp-json\/wp\/v2\/media\/336411"}],"wp:attachment":[{"href":"https:\/\/www.europesays.com\/fr\/wp-json\/wp\/v2\/media?parent=336410"}],"wp:term":[{"taxonomy":"category","embeddable":true,"href":"https:\/\/www.europesays.com\/fr\/wp-json\/wp\/v2\/categories?post=336410"},{"taxonomy":"post_tag","embeddable":true,"href":"https:\/\/www.europesays.com\/fr\/wp-json\/wp\/v2\/tags?post=336410"}],"curies":[{"name":"wp","href":"https:\/\/api.w.org\/{rel}","templated":true}]}}