{"id":336412,"date":"2025-08-22T15:04:24","date_gmt":"2025-08-22T15:04:24","guid":{"rendered":"https:\/\/www.europesays.com\/fr\/336412\/"},"modified":"2025-08-22T15:04:24","modified_gmt":"2025-08-22T15:04:24","slug":"paris-fc-j2-aucune-absence-surprise-pour-le-deplacement-a-marseille","status":"publish","type":"post","link":"https:\/\/www.europesays.com\/fr\/336412\/","title":{"rendered":"Paris FC &#8211; J2 : Aucune absence surprise pour le d\u00e9placement \u00e0 Marseille"},"content":{"rendered":"<p><strong>Apr\u00e8s sa d\u00e9faite sur la pelouse d\u2019Angers, le Paris FC se<br \/>\nd\u00e9place \u00e0 nouveau, cette fois-ci du c\u00f4t\u00e9 de Marseille ce samedi \u00e0<br \/>\n17h.<\/strong><\/p>\n<p>Alors que le club parisien a enregistr\u00e9 deux nouvelles recrues<br \/>\ncette semaine, St\u00e9phane Gilli a annonc\u00e9 que <strong>Willem<br \/>\nGeubbels<\/strong> et <strong>Kevin Trapp<\/strong> postulent bien \u00e0<br \/>\nune place dans le groupe, tout comme <strong>Otavio<\/strong>,<br \/>\nabsent le week-end dernier apr\u00e8s une op\u00e9ration des dents. Le seul<br \/>\nabsent reste <strong>Sofiane Alakouch<\/strong>, bless\u00e9 longue<br \/>\ndur\u00e9e.<\/p>\n","protected":false},"excerpt":{"rendered":"Apr\u00e8s sa d\u00e9faite sur la pelouse d\u2019Angers, le Paris FC se d\u00e9place \u00e0 nouveau, cette fois-ci du c\u00f4t\u00e9&hellip;\n","protected":false},"author":2,"featured_media":336413,"comment_status":"","ping_status":"","sticky":false,"template":"","format":"standard","meta":{"footnotes":""},"categories":[2814],"tags":[1111,11,1777,674,1011,27,884,12,882,25],"class_list":{"0":"post-336412","1":"post","2":"type-post","3":"status-publish","4":"format-standard","5":"has-post-thumbnail","7":"category-marseille","8":"tag-actu","9":"tag-actualites","10":"tag-eu","11":"tag-europe","12":"tag-fr","13":"tag-france","14":"tag-marseille","15":"tag-news","16":"tag-provence-alpes-cote-dazur","17":"tag-republique-francaise"},"share_on_mastodon":{"url":"https:\/\/pubeurope.com\/@fr\/115073034729488941","error":""},"_links":{"self":[{"href":"https:\/\/www.europesays.com\/fr\/wp-json\/wp\/v2\/posts\/336412","targetHints":{"allow":["GET"]}}],"collection":[{"href":"https:\/\/www.europesays.com\/fr\/wp-json\/wp\/v2\/posts"}],"about":[{"href":"https:\/\/www.europesays.com\/fr\/wp-json\/wp\/v2\/types\/post"}],"author":[{"embeddable":true,"href":"https:\/\/www.europesays.com\/fr\/wp-json\/wp\/v2\/users\/2"}],"replies":[{"embeddable":true,"href":"https:\/\/www.europesays.com\/fr\/wp-json\/wp\/v2\/comments?post=336412"}],"version-history":[{"count":0,"href":"https:\/\/www.europesays.com\/fr\/wp-json\/wp\/v2\/posts\/336412\/revisions"}],"wp:featuredmedia":[{"embeddable":true,"href":"https:\/\/www.europesays.com\/fr\/wp-json\/wp\/v2\/media\/336413"}],"wp:attachment":[{"href":"https:\/\/www.europesays.com\/fr\/wp-json\/wp\/v2\/media?parent=336412"}],"wp:term":[{"taxonomy":"category","embeddable":true,"href":"https:\/\/www.europesays.com\/fr\/wp-json\/wp\/v2\/categories?post=336412"},{"taxonomy":"post_tag","embeddable":true,"href":"https:\/\/www.europesays.com\/fr\/wp-json\/wp\/v2\/tags?post=336412"}],"curies":[{"name":"wp","href":"https:\/\/api.w.org\/{rel}","templated":true}]}}