{"id":336414,"date":"2025-08-22T15:06:32","date_gmt":"2025-08-22T15:06:32","guid":{"rendered":"https:\/\/www.europesays.com\/fr\/336414\/"},"modified":"2025-08-22T15:06:32","modified_gmt":"2025-08-22T15:06:32","slug":"les-travaux-passent-de-nuit-a-la-rentree-la-circulation-liberee-dans-les-deux-sens","status":"publish","type":"post","link":"https:\/\/www.europesays.com\/fr\/336414\/","title":{"rendered":"les travaux passent de nuit \u00e0 la rentr\u00e9e, la circulation lib\u00e9r\u00e9e dans les deux sens"},"content":{"rendered":"<p>Bonne nouvelle pour les habitu\u00e9s des bouchons de l\u2019avenue de la R\u00e9publique, \u00e0 Tassin-la-Demi-Lune. \u00c0 partir du 1 er \u00a0septembre, la circulation sera r\u00e9tablie dans les deux sens en journ\u00e9e, et ce jusqu\u2019au 12\u00a0ao\u00fbt. Une d\u00e9cision prise apr\u00e8s le basculement des travaux de la Voie lyonnaise n\u00b0\u00a08 sur le boulevard du Valvert\u2026 la nuit, entre 20 heures et 6 heures du matin. Un revirement d\u00e9cid\u00e9 d\u00e9but ao\u00fbt par la M\u00e9tropole, sous la pression de la mairie et de la pr\u00e9fecture.<\/p>\n<p>\u00ab\u00a0Au moment de la rentr\u00e9e, on le sait,&#8230;<\/p>\n","protected":false},"excerpt":{"rendered":"Bonne nouvelle pour les habitu\u00e9s des bouchons de l\u2019avenue de la R\u00e9publique, \u00e0 Tassin-la-Demi-Lune. \u00c0 partir du 1&hellip;\n","protected":false},"author":2,"featured_media":336415,"comment_status":"","ping_status":"","sticky":false,"template":"","format":"standard","meta":{"footnotes":""},"categories":[1889],"tags":[1111,11,2430,3542,3153,1777,674,1011,27,2428,12,25,20283,20284,2803],"class_list":{"0":"post-336414","1":"post","2":"type-post","3":"status-publish","4":"format-standard","5":"has-post-thumbnail","7":"category-lyon","8":"tag-actu","9":"tag-actualites","10":"tag-auvergne-rhone-alpes","11":"tag-circulation","12":"tag-edition-ouest-lyonnais","13":"tag-eu","14":"tag-europe","15":"tag-fr","16":"tag-france","17":"tag-lyon","18":"tag-news","19":"tag-republique-francaise","20":"tag-tassin-la-demi-lune","21":"tag-tassin-la-demi-lune-bassin","22":"tag-transport"},"share_on_mastodon":{"url":"https:\/\/pubeurope.com\/@fr\/115073042592251714","error":""},"_links":{"self":[{"href":"https:\/\/www.europesays.com\/fr\/wp-json\/wp\/v2\/posts\/336414","targetHints":{"allow":["GET"]}}],"collection":[{"href":"https:\/\/www.europesays.com\/fr\/wp-json\/wp\/v2\/posts"}],"about":[{"href":"https:\/\/www.europesays.com\/fr\/wp-json\/wp\/v2\/types\/post"}],"author":[{"embeddable":true,"href":"https:\/\/www.europesays.com\/fr\/wp-json\/wp\/v2\/users\/2"}],"replies":[{"embeddable":true,"href":"https:\/\/www.europesays.com\/fr\/wp-json\/wp\/v2\/comments?post=336414"}],"version-history":[{"count":0,"href":"https:\/\/www.europesays.com\/fr\/wp-json\/wp\/v2\/posts\/336414\/revisions"}],"wp:featuredmedia":[{"embeddable":true,"href":"https:\/\/www.europesays.com\/fr\/wp-json\/wp\/v2\/media\/336415"}],"wp:attachment":[{"href":"https:\/\/www.europesays.com\/fr\/wp-json\/wp\/v2\/media?parent=336414"}],"wp:term":[{"taxonomy":"category","embeddable":true,"href":"https:\/\/www.europesays.com\/fr\/wp-json\/wp\/v2\/categories?post=336414"},{"taxonomy":"post_tag","embeddable":true,"href":"https:\/\/www.europesays.com\/fr\/wp-json\/wp\/v2\/tags?post=336414"}],"curies":[{"name":"wp","href":"https:\/\/api.w.org\/{rel}","templated":true}]}}