{"id":336416,"date":"2025-08-22T15:08:38","date_gmt":"2025-08-22T15:08:38","guid":{"rendered":"https:\/\/www.europesays.com\/fr\/336416\/"},"modified":"2025-08-22T15:08:38","modified_gmt":"2025-08-22T15:08:38","slug":"metropole-de-lyon-un-homme-condamne-a-8-mois-de-prison-ferme-pour-un-cambriolage-a-charly","status":"publish","type":"post","link":"https:\/\/www.europesays.com\/fr\/336416\/","title":{"rendered":"M\u00e9tropole de Lyon. Un homme condamn\u00e9 \u00e0 8 mois de prison ferme pour un cambriolage \u00e0 Charly"},"content":{"rendered":"<p>L\u2019affaire remonte au mardi 12 ao\u00fbt 2025, quand les militaires de la brigade de Saint-Genis-Laval et d\u2019Irigny sont appel\u00e9s pour un cambriolage signal\u00e9 sur la petite commune de Charly.<\/p>\n<p>Un suspect, \u00e0 pied, avait \u00e9t\u00e9 rep\u00e9r\u00e9 par des patrouilles de gendarmerie ainsi que des riverains. Le dispositif de recherche aussit\u00f4t mis en place a permis de retrouver sa trace.<\/p>\n<p>Interpell\u00e9 quelques minutes apr\u00e8s les faits<\/p>\n<p>Malgr\u00e9 les tentatives de fuite, l\u2019homme sera interpell\u00e9 quelques minutes apr\u00e8s les faits. Peu avant son arrestation, il s\u2018\u00e9tait d\u00e9barrass\u00e9 du butin, lequel sera enti\u00e8rement retrouv\u00e9 et restitu\u00e9 aux victimes.<\/p>\n<p>Ce contenu est bloqu\u00e9 car vous n&rsquo;avez pas accept\u00e9 les cookies et autres traceurs.<\/p>\n<p>En cliquant sur \u00ab J\u2019accepte \u00bb, les cookies et autres traceurs seront d\u00e9pos\u00e9s et vous pourrez visualiser les contenus  (<a href=\"\" class=\"consentModule_policy\" target=\"_blank\" title=\"Consulter la politique de protection des donn\u00e9es du fournisseur\">plus d&rsquo;informations<\/a>).<\/p>\n<p>En cliquant sur \u00ab J\u2019accepte tous les cookies \u00bb, vous autorisez des d\u00e9p\u00f4ts de cookies et autres traceurs pour le stockage de vos donn\u00e9es sur nos sites et applications \u00e0 des fins de personnalisation et de ciblage publicitaire.<\/p>\n<p class=\"consentModule_secondaryText\">Vous gardez la possibilit\u00e9 de retirer votre consentement \u00e0 tout moment en consultant notre <a href=\"https:\/\/www.leprogres.fr\/protection-des-donnees\" target=\"_blank\" title=\"Consulter notre politique de protection des donn\u00e9es\" rel=\"noopener\">politique de protection des donn\u00e9es<\/a>. <br \/>&#13;<br \/>\n            <a href=\"https:\/\/www.leprogres.fr\/faits-divers-justice\/2025\/08\/22\/javascript:Didomi.notice.show()\" class=\"consentModule_cmp\" target=\"_blank\" rel=\"noopener\">G\u00e9rer mes choix<\/a>&#13;\n        <\/p>\n<p>&#13;<br \/>\n                        J&rsquo;accepte&#13;<br \/>\n            J&rsquo;accepte tous les cookies&#13;\n        <\/p>\n<p>\u00c9tranger en situation irr\u00e9guli\u00e8re, il a \u00e9t\u00e9 plac\u00e9 en garde \u00e0 vue et pr\u00e9sent\u00e9 au tribunal correctionnel qui l\u2019a condamn\u00e9 \u00e0 8 mois de prison ferme avec une interdiction du territoire fran\u00e7ais pendant cinq ans ainsi qu\u2019une amende.<\/p>\n","protected":false},"excerpt":{"rendered":"L\u2019affaire remonte au mardi 12 ao\u00fbt 2025, quand les militaires de la brigade de Saint-Genis-Laval et d\u2019Irigny sont&hellip;\n","protected":false},"author":2,"featured_media":336417,"comment_status":"","ping_status":"","sticky":false,"template":"","format":"standard","meta":{"footnotes":""},"categories":[1889],"tags":[1111,11,2430,35406,36630,271,272,3154,1777,674,274,107,1011,27,2428,12,25,2429],"class_list":{"0":"post-336416","1":"post","2":"type-post","3":"status-publish","4":"format-standard","5":"has-post-thumbnail","7":"category-lyon","8":"tag-actu","9":"tag-actualites","10":"tag-auvergne-rhone-alpes","11":"tag-brignais-bassin","12":"tag-charly","13":"tag-crime","14":"tag-delit-et-contravention","15":"tag-edition-sud-lyonnais","16":"tag-eu","17":"tag-europe","18":"tag-faits-divers-justice","19":"tag-fil-info","20":"tag-fr","21":"tag-france","22":"tag-lyon","23":"tag-news","24":"tag-republique-francaise","25":"tag-rhone"},"share_on_mastodon":{"url":"https:\/\/pubeurope.com\/@fr\/115073050456377082","error":""},"_links":{"self":[{"href":"https:\/\/www.europesays.com\/fr\/wp-json\/wp\/v2\/posts\/336416","targetHints":{"allow":["GET"]}}],"collection":[{"href":"https:\/\/www.europesays.com\/fr\/wp-json\/wp\/v2\/posts"}],"about":[{"href":"https:\/\/www.europesays.com\/fr\/wp-json\/wp\/v2\/types\/post"}],"author":[{"embeddable":true,"href":"https:\/\/www.europesays.com\/fr\/wp-json\/wp\/v2\/users\/2"}],"replies":[{"embeddable":true,"href":"https:\/\/www.europesays.com\/fr\/wp-json\/wp\/v2\/comments?post=336416"}],"version-history":[{"count":0,"href":"https:\/\/www.europesays.com\/fr\/wp-json\/wp\/v2\/posts\/336416\/revisions"}],"wp:featuredmedia":[{"embeddable":true,"href":"https:\/\/www.europesays.com\/fr\/wp-json\/wp\/v2\/media\/336417"}],"wp:attachment":[{"href":"https:\/\/www.europesays.com\/fr\/wp-json\/wp\/v2\/media?parent=336416"}],"wp:term":[{"taxonomy":"category","embeddable":true,"href":"https:\/\/www.europesays.com\/fr\/wp-json\/wp\/v2\/categories?post=336416"},{"taxonomy":"post_tag","embeddable":true,"href":"https:\/\/www.europesays.com\/fr\/wp-json\/wp\/v2\/tags?post=336416"}],"curies":[{"name":"wp","href":"https:\/\/api.w.org\/{rel}","templated":true}]}}