{"id":336420,"date":"2025-08-22T15:13:11","date_gmt":"2025-08-22T15:13:11","guid":{"rendered":"https:\/\/www.europesays.com\/fr\/336420\/"},"modified":"2025-08-22T15:13:11","modified_gmt":"2025-08-22T15:13:11","slug":"le-crif-se-trompe-de-voie-liberation","status":"publish","type":"post","link":"https:\/\/www.europesays.com\/fr\/336420\/","title":{"rendered":"le Crif se trompe de voie \u2013 Lib\u00e9ration"},"content":{"rendered":"<p class=\"sc-ksZaOG ehjQrN text-element\">Faut-il que le Conseil repr\u00e9sentatif des institutions juives de France (Crif) soit \u00e0 ce point obnubil\u00e9 par ses \u00e9quilibres internes \u2013 dont on imagine ais\u00e9ment qu\u2019ils sont complexes alors que l\u2019actualit\u00e9 en Isra\u00ebl et \u00e0 Gaza tourmente de fa\u00e7on souvent oppos\u00e9e nombre de juifs fran\u00e7ais \u2013 pour accoucher d\u2019un communiqu\u00e9 si complaisant envers Tel-Aviv apr\u00e8s la lettre de Benyamin Netanyahou d\u00e9non\u00e7ant la reconnaissance de l\u2019Etat de Palestine par la France ? Ou alors, faut-il que Yonathan Arfi, le pr\u00e9sident de cette organisation, soit <a href=\"https:\/\/www.liberation.fr\/politique\/entre-antisionisme-et-antisemitisme-de-dangereux-amalgames-20240328_FWMZWARQOZCMPDN43WHNRRDHSI\/\" target=\"_blank\" rel=\"noreferrer noopener\" title=\"https:\/\/www.liberation.fr\/politique\/entre-antisionisme-et-antisemitisme-de-dangereux-amalgames-20240328_FWMZWARQOZCMPDN43WHNRRDHSI\/\">\u00e0 ce point dans un d\u00e9ni ou un aveuglement volontaire<\/a> pour ne pas comprendre qu\u2019un communiqu\u00e9 comme celui qu\u2019il a produit en rendra la lutte contre l\u2019antis\u00e9mitisme encore plus compliqu\u00e9e ?<\/p>\n<p class=\"sc-ksZaOG ehjQrN text-element\">Alors que la France s\u2019appr\u00eate \u00e0 rejoindre la majorit\u00e9 des pays de la plan\u00e8te en reconnaissant de fa\u00e7on assez symbolique un Etat palestinien qui n\u2019existe pas encore, <a href=\"https:\/\/www.liberation.fr\/international\/moyen-orient\/reconnaissance-de-la-&lt;\/p&gt;&lt;\/div&gt;&lt;\/article&gt;&lt;\/div&gt;&lt;div data-fusion-lazy-id=\" f0f8vgvlad832fw=\"\" target=\"_blank\" rel=\"noopener\"><\/p>\n","protected":false},"excerpt":{"rendered":"Faut-il que le Conseil repr\u00e9sentatif des institutions juives de France (Crif) soit \u00e0 ce point obnubil\u00e9 par ses&hellip;\n","protected":false},"author":2,"featured_media":336421,"comment_status":"","ping_status":"","sticky":false,"template":"","format":"standard","meta":{"footnotes":""},"categories":[1888],"tags":[1111,1928,11,1927,952,1073,1777,674,1011,27,664,12,1926,626,1925,25],"class_list":{"0":"post-336420","1":"post","2":"type-post","3":"status-publish","4":"format-standard","5":"has-post-thumbnail","7":"category-paris","8":"tag-actu","9":"tag-actu-paris","10":"tag-actualites","11":"tag-actualites-paris","12":"tag-benyamin-netanyahou","13":"tag-emmanuel-macron","14":"tag-eu","15":"tag-europe","16":"tag-fr","17":"tag-france","18":"tag-israel","19":"tag-news","20":"tag-news-paris","21":"tag-paris","22":"tag-paris-news","23":"tag-republique-francaise"},"share_on_mastodon":{"url":"https:\/\/pubeurope.com\/@fr\/115073070220850439","error":""},"_links":{"self":[{"href":"https:\/\/www.europesays.com\/fr\/wp-json\/wp\/v2\/posts\/336420","targetHints":{"allow":["GET"]}}],"collection":[{"href":"https:\/\/www.europesays.com\/fr\/wp-json\/wp\/v2\/posts"}],"about":[{"href":"https:\/\/www.europesays.com\/fr\/wp-json\/wp\/v2\/types\/post"}],"author":[{"embeddable":true,"href":"https:\/\/www.europesays.com\/fr\/wp-json\/wp\/v2\/users\/2"}],"replies":[{"embeddable":true,"href":"https:\/\/www.europesays.com\/fr\/wp-json\/wp\/v2\/comments?post=336420"}],"version-history":[{"count":0,"href":"https:\/\/www.europesays.com\/fr\/wp-json\/wp\/v2\/posts\/336420\/revisions"}],"wp:featuredmedia":[{"embeddable":true,"href":"https:\/\/www.europesays.com\/fr\/wp-json\/wp\/v2\/media\/336421"}],"wp:attachment":[{"href":"https:\/\/www.europesays.com\/fr\/wp-json\/wp\/v2\/media?parent=336420"}],"wp:term":[{"taxonomy":"category","embeddable":true,"href":"https:\/\/www.europesays.com\/fr\/wp-json\/wp\/v2\/categories?post=336420"},{"taxonomy":"post_tag","embeddable":true,"href":"https:\/\/www.europesays.com\/fr\/wp-json\/wp\/v2\/tags?post=336420"}],"curies":[{"name":"wp","href":"https:\/\/api.w.org\/{rel}","templated":true}]}}