{"id":336422,"date":"2025-08-22T15:14:16","date_gmt":"2025-08-22T15:14:16","guid":{"rendered":"https:\/\/www.europesays.com\/fr\/336422\/"},"modified":"2025-08-22T15:14:16","modified_gmt":"2025-08-22T15:14:16","slug":"comme-les-jo-a-paris-le-jubile-a-rome-na-pas-genere-la-manne-financiere-esperee","status":"publish","type":"post","link":"https:\/\/www.europesays.com\/fr\/336422\/","title":{"rendered":"Comme les JO \u00e0 Paris, le jubil\u00e9 \u00e0 Rome n\u2019a pas g\u00e9n\u00e9r\u00e9 la manne financi\u00e8re esp\u00e9r\u00e9e"},"content":{"rendered":"<p>Seule Paris est digne de Rome ; seule Rome est digne de Paris, dit la devise qui a scell\u00e9 le jumelage entre les capitales italienne et fran\u00e7aise. Les deux villes ont en effet beaucoup en commun, \u00e0 commencer par leur statut de hauts lieux touristiques. \u00c0 un an d\u2019intervalle, elles ont pu faire l\u2019exp\u00e9rience d\u2019un m\u00eame ph\u00e9nom\u00e8ne. En 2024, beaucoup de Parisiens avaient cherch\u00e9 \u00e0 louer leur appartement \u00e0 ceux qui ralliaient la Ville Lumi\u00e8re pour assister aux <a href=\"https:\/\/www.courrierinternational.com\/sujet\/jeux-olympiques-2024\" rel=\"nofollow noopener\" target=\"_blank\" data-ylk=\"slk:Jeux olympiques;elm:context_link;itc:0;sec:content-canvas\" class=\"link \">Jeux olympiques<\/a> \u2013 esp\u00e9rant ainsi g\u00e9n\u00e9rer d\u2019importants profits. Les habitants de la Ville \u00e9ternelle ont voulu faire de m\u00eame en 2025, ann\u00e9e du jubil\u00e9 \u00e0 Rome. Dans les deux cas, les d\u00e9ceptions ont \u00e9t\u00e9 nombreuses.<\/p>\n<p>\u201cCette ann\u00e9e devait \u00eatre celle de la prosp\u00e9rit\u00e9, de la richesse qui envahit les rues de la capitale, mais la promesse n\u2019a pas \u00e9t\u00e9 tenue, <a href=\"https:\/\/www.panorama.it\/attualita\/cronaca\/le-promesse-mancate-del-giubileo-2025\" rel=\"nofollow noopener\" target=\"_blank\" data-ylk=\"slk:fustige l\u2019hebdomadaire de Milan Panorama;elm:context_link;itc:0;sec:content-canvas\" class=\"link \">fustige l\u2019hebdomadaire de Milan <strong>Panorama<\/strong><\/a><strong>.<\/strong> Selon le minist\u00e8re du Tourisme, entre janvier et mai, 15 millions de p\u00e8lerins devaient venir \u00e0 Rome pour le jubil\u00e9, il n\u2019y en a eu que 5,5.\u201d<\/p>\n<p>Sans qu\u2019il y ait de chiffres pr\u00e9cis \u00e0 ce stade, la tendance pendant l\u2019\u00e9t\u00e9 semble avoir \u00e9t\u00e9 la m\u00eame : d\u00e9cevante. Voil\u00e0 qui pose un probl\u00e8me de taille \u00e0 beaucoup de Romains qui avaient pari\u00e9 sur le jubil\u00e9 pour engranger des b\u00e9n\u00e9fices en louant un appartement et qui ont rapidement d\u00e9chant\u00e9.<\/p>\n<p>Exc\u00e8s d\u2019optimisme<\/p>\n<p>\u201cAu premier trimestre, le taux d\u2019occupation des logements en location courte a chut\u00e9 de 81 \u00e0 72 %\u201d, constate l\u2019hebdomadaire conservateur. Se rendant compte qu\u2019il \u00e9tait difficile de trouver des clients, les Romains ont rapidement renonc\u00e9 \u00e0 proposer leur logement. \u201cD\u00e9j\u00e0 en f\u00e9vrier, le nombre d\u2019appartements en location courte par rapport \u00e0 janvier avait diminu\u00e9 de 8,7 %\u201d, observe le m\u00e9dia transalpin.<\/p>\n<p>\u00c0 en croire l\u2019analyse de Panorama, ce hiatus n\u2019est pas d\u00fb seulement \u00e0 l\u2019afflux de p\u00e8lerins moins important qu\u2019esp\u00e9r\u00e9, mais aussi \u00e0 des consid\u00e9rations erron\u00e9es sur ce type de visiteur \u201cparticulier\u201d. \u201cDans un exc\u00e8s d\u2019optimisme, on a fini par consid\u00e9rer les p\u00e8lerins comme un touriste classique d\u00e9pensier.\u201d<\/p>\n<blockquote class=\"caas-blockquote\">\n<p>\u201cOr bon nombre d\u2019entre eux ont cherch\u00e9 \u00e0 \u00eatre accueillis dans des structures religieuses ou hors des murs de la ville pour moins d\u00e9penser.\u201d<\/p>\n<\/blockquote>\n<p>[&#8230;] <strong><a href=\"https:\/\/www.courrierinternational.com\/article\/italie-comme-les-jo-a-paris-le-jubile-a-rome-n-a-pas-genere-la-manne-financiere-esperee_234256\" rel=\"nofollow noopener\" target=\"_blank\" data-ylk=\"slk:Lire la suite sur Courrier international;elm:context_link;itc:0;sec:content-canvas\" class=\"link \">Lire la suite sur Courrier international<\/a><\/strong><\/p>\n<p>Sur le m\u00eame sujet :<\/p>\n","protected":false},"excerpt":{"rendered":"Seule Paris est digne de Rome ; seule Rome est digne de Paris, dit la devise qui a&hellip;\n","protected":false},"author":2,"featured_media":336423,"comment_status":"","ping_status":"","sticky":false,"template":"","format":"standard","meta":{"footnotes":""},"categories":[1888],"tags":[1111,1928,11,1927,1777,674,1011,27,47306,12,1926,626,1925,25],"class_list":{"0":"post-336422","1":"post","2":"type-post","3":"status-publish","4":"format-standard","5":"has-post-thumbnail","7":"category-paris","8":"tag-actu","9":"tag-actu-paris","10":"tag-actualites","11":"tag-actualites-paris","12":"tag-eu","13":"tag-europe","14":"tag-fr","15":"tag-france","16":"tag-lhebdomadaire","17":"tag-news","18":"tag-news-paris","19":"tag-paris","20":"tag-paris-news","21":"tag-republique-francaise"},"share_on_mastodon":{"url":"https:\/\/pubeurope.com\/@fr\/115073074103491885","error":""},"_links":{"self":[{"href":"https:\/\/www.europesays.com\/fr\/wp-json\/wp\/v2\/posts\/336422","targetHints":{"allow":["GET"]}}],"collection":[{"href":"https:\/\/www.europesays.com\/fr\/wp-json\/wp\/v2\/posts"}],"about":[{"href":"https:\/\/www.europesays.com\/fr\/wp-json\/wp\/v2\/types\/post"}],"author":[{"embeddable":true,"href":"https:\/\/www.europesays.com\/fr\/wp-json\/wp\/v2\/users\/2"}],"replies":[{"embeddable":true,"href":"https:\/\/www.europesays.com\/fr\/wp-json\/wp\/v2\/comments?post=336422"}],"version-history":[{"count":0,"href":"https:\/\/www.europesays.com\/fr\/wp-json\/wp\/v2\/posts\/336422\/revisions"}],"wp:featuredmedia":[{"embeddable":true,"href":"https:\/\/www.europesays.com\/fr\/wp-json\/wp\/v2\/media\/336423"}],"wp:attachment":[{"href":"https:\/\/www.europesays.com\/fr\/wp-json\/wp\/v2\/media?parent=336422"}],"wp:term":[{"taxonomy":"category","embeddable":true,"href":"https:\/\/www.europesays.com\/fr\/wp-json\/wp\/v2\/categories?post=336422"},{"taxonomy":"post_tag","embeddable":true,"href":"https:\/\/www.europesays.com\/fr\/wp-json\/wp\/v2\/tags?post=336422"}],"curies":[{"name":"wp","href":"https:\/\/api.w.org\/{rel}","templated":true}]}}