{"id":336424,"date":"2025-08-22T15:15:19","date_gmt":"2025-08-22T15:15:19","guid":{"rendered":"https:\/\/www.europesays.com\/fr\/336424\/"},"modified":"2025-08-22T15:15:19","modified_gmt":"2025-08-22T15:15:19","slug":"le-prefet-laurent-nunez-depose-plainte-contre-un-depute-lfi","status":"publish","type":"post","link":"https:\/\/www.europesays.com\/fr\/336424\/","title":{"rendered":"le pr\u00e9fet Laurent Nu\u00f1ez d\u00e9pose plainte contre un d\u00e9put\u00e9 LFI"},"content":{"rendered":"<p>            Par<br \/>\n        <strong><br \/>\n            <a href=\"https:\/\/actu.fr\/auteur\/redaction-paris\" title=\"Consulter tous les articles de R\u00e9daction Paris\" target=\"_blank\" rel=\"noopener\">R\u00e9daction Paris<\/a><br \/>\n        <\/strong><\/p>\n<p>        Publi\u00e9 le<\/p>\n<p>            22 ao\u00fbt 2025 \u00e0 15h49        <\/p>\n<p>Le pr\u00e9fet de Police de Paris, <a href=\"https:\/\/actu.fr\/tag\/laurent-nunez\" target=\"_blank\" rel=\"noopener\">Laurent Nu\u00f1ez<\/a>, a annonc\u00e9 ce vendredi 22\u00a0ao\u00fbt 2025 avoir d\u00e9pos\u00e9 plainte \u00e0 son tour contre <a href=\"https:\/\/actu.fr\/ile-de-france\/bobigny_93008\/vous-allez-le-tuer-polemique-apres-une-interpellation-violente-par-la-police-a-bobigny_62976309.html\" target=\"_blank\" rel=\"noopener\">un d\u00e9put\u00e9 LFI de Seine-Saint-Denis, Aly Diouara<\/a>. Celui-ci avait affirm\u00e9 que <strong>\u00ab\u2009la police tue\u2009\u00bb.<\/strong><\/p>\n<p class=\" wall-content\">\u00ab\u2009Ces propos sont <strong>inadmissibles et inqualifiables<\/strong>. Ils offensent les femmes et les hommes engag\u00e9s au quotidien pour la s\u00e9curit\u00e9 et la protection de tous\u2009\u00bb, a ainsi post\u00e9 Laurent Nu\u00f1ez sur son compte X, citant une publication d\u2019Aly Diouara. \u00ab\u2009Le temps des colonies est termin\u00e9\u2009\u00bb, a r\u00e9torqu\u00e9 ce dernier. \u00ab\u2009H\u00e2te de confronter mon propos devant la justice de notre pays. Si vous pensiez intimider quelqu\u2019un avec votre plainte, <strong>vous vous trompez honteusement<\/strong>\u2009\u00bb.<\/p>\n<p>La pol\u00e9mique enfle<\/p>\n<p class=\" wall-content\">La veille, le d\u00e9put\u00e9 La France Insoumise de la 5e circonscription du 93 avait ainsi assur\u00e9 que \u00ab\u2009oui, LA POLICE TUE\u2009!\u2009\u00bb \u00ab\u2009Et <strong>elle tue souvent les m\u00eames<\/strong>. Par choix, par racisme et par nostalgie coloniale. Les chiffres sont l\u00e0, les rapports aussi et la police fran\u00e7aise a \u00e9t\u00e9 condamn\u00e9e pour ses crimes\u2009\u00bb, avait-il post\u00e9.<\/p>\n<p class=\" wall-content\">\n<p class=\" wall-content\">Mercredi, le pr\u00e9fet du Val-d\u2019Oise Philippe Court avait d\u00e9j\u00e0 d\u00e9pos\u00e9 plainte contre un autre d\u00e9put\u00e9 LFI, Aur\u00e9lien Tach\u00e9, <strong>pour des propos similaires<\/strong>, lui sommant de retirer son message.<\/p>\n<p class=\" wall-content\">Le ministre de l\u2019Int\u00e9rieur Bruno Retailleau avait particip\u00e9 \u00e0 la pol\u00e9mique sur le r\u00e9seau social X en \u00e9voquant \u00ab\u2009les attaques irresponsables de certains \u00e9lus aveugl\u00e9s par la haine anti-flics\u2009\u00bb.<\/p>\n<p class=\" wall-content\"><strong>Avec AFP<\/strong><\/p>\n<p class=\" wall-content\">Personnalisez votre actualit\u00e9 en ajoutant vos villes et m\u00e9dias en favori avec <a href=\"https:\/\/moncompte.actu.fr\" title=\"D\u00e9couvez Mon Actu\" rel=\"nofollow noopener\" data-trk=\"{&quot;cta&quot;:{&quot;action&quot;:&quot;https:\\\/\\\/moncompte.actu.fr&quot;,&quot;category&quot;:&quot;mon compte&quot;,&quot;from&quot;:&quot;article footer&quot;,&quot;name&quot;:&quot;Mon actu&quot;,&quot;type&quot;:&quot;cta&quot;}}\" target=\"_blank\">Mon Actu<\/a>.<\/p>\n","protected":false},"excerpt":{"rendered":"Par R\u00e9daction Paris Publi\u00e9 le 22 ao\u00fbt 2025 \u00e0 15h49 Le pr\u00e9fet de Police de Paris, Laurent Nu\u00f1ez,&hellip;\n","protected":false},"author":2,"featured_media":336425,"comment_status":"","ping_status":"","sticky":false,"template":"","format":"standard","meta":{"footnotes":""},"categories":[1888],"tags":[11,1777,674,1011,27,5454,12,626,1072,1931,25,104],"class_list":{"0":"post-336424","1":"post","2":"type-post","3":"status-publish","4":"format-standard","5":"has-post-thumbnail","7":"category-paris","8":"tag-actualites","9":"tag-eu","10":"tag-europe","11":"tag-fr","12":"tag-france","13":"tag-laurent-nunez","14":"tag-news","15":"tag-paris","16":"tag-police","17":"tag-prefecture-de-police-de-paris","18":"tag-republique-francaise","19":"tag-societe"},"share_on_mastodon":{"url":"https:\/\/pubeurope.com\/@fr\/115073077954753077","error":""},"_links":{"self":[{"href":"https:\/\/www.europesays.com\/fr\/wp-json\/wp\/v2\/posts\/336424","targetHints":{"allow":["GET"]}}],"collection":[{"href":"https:\/\/www.europesays.com\/fr\/wp-json\/wp\/v2\/posts"}],"about":[{"href":"https:\/\/www.europesays.com\/fr\/wp-json\/wp\/v2\/types\/post"}],"author":[{"embeddable":true,"href":"https:\/\/www.europesays.com\/fr\/wp-json\/wp\/v2\/users\/2"}],"replies":[{"embeddable":true,"href":"https:\/\/www.europesays.com\/fr\/wp-json\/wp\/v2\/comments?post=336424"}],"version-history":[{"count":0,"href":"https:\/\/www.europesays.com\/fr\/wp-json\/wp\/v2\/posts\/336424\/revisions"}],"wp:featuredmedia":[{"embeddable":true,"href":"https:\/\/www.europesays.com\/fr\/wp-json\/wp\/v2\/media\/336425"}],"wp:attachment":[{"href":"https:\/\/www.europesays.com\/fr\/wp-json\/wp\/v2\/media?parent=336424"}],"wp:term":[{"taxonomy":"category","embeddable":true,"href":"https:\/\/www.europesays.com\/fr\/wp-json\/wp\/v2\/categories?post=336424"},{"taxonomy":"post_tag","embeddable":true,"href":"https:\/\/www.europesays.com\/fr\/wp-json\/wp\/v2\/tags?post=336424"}],"curies":[{"name":"wp","href":"https:\/\/api.w.org\/{rel}","templated":true}]}}