{"id":336430,"date":"2025-08-22T15:18:10","date_gmt":"2025-08-22T15:18:10","guid":{"rendered":"https:\/\/www.europesays.com\/fr\/336430\/"},"modified":"2025-08-22T15:18:10","modified_gmt":"2025-08-22T15:18:10","slug":"zelensky-et-poutine-cest-comme-melanger-de-lhuile-et-du-vinaigre-declare-donald-trump","status":"publish","type":"post","link":"https:\/\/www.europesays.com\/fr\/336430\/","title":{"rendered":"\u00ab\u00a0Zelensky et Poutine, c&rsquo;est comme m\u00e9langer de l&rsquo;huile et du vinaigre\u00a0\u00bb, d\u00e9clare Donald Trump"},"content":{"rendered":"<p>Guerre en Ukraine: \u00ab\u00a0Zelensky et Poutine, c&rsquo;est comme m\u00e9langer de l&rsquo;huile et du vinaigre\u00a0\u00bb, d\u00e9clare Donald TrumpSur le m\u00eame sujet<a href=\"https:\/\/www.bfmtv.com\/international\/amerique-nord\/etats-unis\/video-guerre-en-ukraine-zelensky-et-poutine-c-est-comme-melanger-de-l-huile-et-du-vinaigre-declare-donald-trump_VN-202508220446.html\" title=\"Guerre en Ukraine: &quot;Zelensky et Poutine, c&#039;est comme m\u00e9langer de l&#039;huile et du vinaigre&quot;, d\u00e9clare Donald Trump\" rel=\"nofollow noopener\" target=\"_blank\"><img width=\"16\" height=\"9\" class=\"lozad\"  alt=\"Guerre en Ukraine: &quot;Zelensky et Poutine, c'est comme m\u00e9langer de l'huile et du vinaigre&quot;, d\u00e9clare Donald Trump\"\/>en lectureGuerre en Ukraine: \u00ab\u00a0Zelensky et Poutine, c&rsquo;est comme m\u00e9langer de l&rsquo;huile et du vinaigre\u00a0\u00bb, d\u00e9clare Donald Trump<\/a><a href=\"https:\/\/www.bfmtv.com\/economie\/video-taxation-des-vins-francais-a-hauteur-de-15-c-est-l-europe-qui-s-est-tres-mal-defendue-estime-yves-jego-directeur-de-la-publication-de-la-lettre-du-made-in-france_VN-202508220243.html\" title=\"Taxation des vins fran\u00e7ais \u00e0 hauteur de 15%: &quot;C&#039;est l&#039;Europe qui s&#039;est tr\u00e8s mal d\u00e9fendue&quot;, estime Yves J\u00e9go, directeur de la publication de La Lettre du Made in France \" rel=\"nofollow noopener\" target=\"_blank\"><img width=\"16\" height=\"9\" class=\"lozad\"  alt=\"Taxation des vins fran\u00e7ais \u00e0 hauteur de 15%: &quot;C'est l'Europe qui s'est tr\u00e8s mal d\u00e9fendue&quot;, estime Yves J\u00e9go, directeur de la publication de La Lettre du Made in France \"\/>3:51Taxation des vins fran\u00e7ais \u00e0 hauteur de 15%: \u00ab\u00a0C&rsquo;est l&rsquo;Europe qui s&rsquo;est tr\u00e8s mal d\u00e9fendue\u00a0\u00bb, estime Yves J\u00e9go, directeur de la publication de La Lettre du Made in France<\/a><a href=\"https:\/\/www.bfmtv.com\/economie\/video-etats-unis-le-redecoupage-des-circonscriptions-au-texas-soutenu-par-donald-trump-franchit-une-premiere-etape_VN-202508220195.html\" title=\"\u00c9tats-Unis: le red\u00e9coupage des circonscriptions au Texas, soutenu par Donald Trump, franchit une premi\u00e8re \u00e9tape\" rel=\"nofollow noopener\" target=\"_blank\"><img width=\"16\" height=\"9\" class=\"lozad\"  alt=\"\u00c9tats-Unis: le red\u00e9coupage des circonscriptions au Texas, soutenu par Donald Trump, franchit une premi\u00e8re \u00e9tape\"\/>3:33\u00c9tats-Unis: le red\u00e9coupage des circonscriptions au Texas, soutenu par Donald Trump, franchit une premi\u00e8re \u00e9tape<\/a><a href=\"https:\/\/www.bfmtv.com\/economie\/video-l-inflation-source-des-tensions-entre-donald-trump-et-jerome-powell_VN-202508220131.html\" title=\"L&#039;inflation, source des tensions entre Donald Trump et Jerome Powell\" rel=\"nofollow noopener\" target=\"_blank\"><img width=\"16\" height=\"9\" class=\"lozad\"  alt=\"L'inflation, source des tensions entre Donald Trump et Jerome Powell\"\/>1:38L&rsquo;inflation, source des tensions entre Donald Trump et Jerome Powell<\/a><a href=\"https:\/\/www.bfmtv.com\/economie\/video-taxation-des-vins-francais-a-hauteur-de-15-on-est-tres-decus-affirme-thiebault-huber-president-de-la-confederation-des-appellations-et-des-vignerons-de-bourgogne_VN-202508220125.html\" title=\"Taxation des vins fran\u00e7ais \u00e0 hauteur de 15%: &quot;On est tr\u00e8s d\u00e9\u00e7us&quot;, affirme Thi\u00e9bault Huber, pr\u00e9sident de la Conf\u00e9d\u00e9ration des appellations et des vignerons de Bourgogne\" rel=\"nofollow noopener\" target=\"_blank\"><img width=\"16\" height=\"9\" class=\"lozad\"  alt=\"Taxation des vins fran\u00e7ais \u00e0 hauteur de 15%: &quot;On est tr\u00e8s d\u00e9\u00e7us&quot;, affirme Thi\u00e9bault Huber, pr\u00e9sident de la Conf\u00e9d\u00e9ration des appellations et des vignerons de Bourgogne\"\/>3:49Taxation des vins fran\u00e7ais \u00e0 hauteur de 15%: \u00ab\u00a0On est tr\u00e8s d\u00e9\u00e7us\u00a0\u00bb, affirme Thi\u00e9bault Huber, pr\u00e9sident de la Conf\u00e9d\u00e9ration des appellations et des vignerons de Bourgogne<\/a><a href=\"https:\/\/www.bfmtv.com\/economie\/video-droits-de-douane-les-etats-unis-et-l-union-europeenne-finalisent-leur-accord-commercial_VN-202508220093.html\" title=\"Droits de douane: les Etats-Unis et l\u2019Union europ\u00e9enne finalisent leur accord commercial\" rel=\"nofollow noopener\" target=\"_blank\"><img width=\"16\" height=\"9\" class=\"lozad\"  alt=\"Droits de douane: les Etats-Unis et l\u2019Union europ\u00e9enne finalisent leur accord commercial\"\/>2:22Droits de douane: les Etats-Unis et l\u2019Union europ\u00e9enne finalisent leur accord commercial<\/a><a href=\"https:\/\/www.bfmtv.com\/economie\/video-face-a-la-mise-en-place-des-droits-de-douane-americains-les-viticulteurs-tentent-de-trouver-des-solutions_VN-202508220046.html\" title=\"Face \u00e0 la mise en place des droits de douane am\u00e9ricains, les viticulteurs tentent de trouver des solutions \" rel=\"nofollow noopener\" target=\"_blank\"><img width=\"16\" height=\"9\" class=\"lozad\"  alt=\"Face \u00e0 la mise en place des droits de douane am\u00e9ricains, les viticulteurs tentent de trouver des solutions \"\/>1:14Face \u00e0 la mise en place des droits de douane am\u00e9ricains, les viticulteurs tentent de trouver des solutions<\/a><a href=\"https:\/\/www.bfmtv.com\/international\/amerique-nord\/etats-unis\/video-guerre-en-ukraine-j-d-vance-vice-president-des-etats-unis-appelle-l-europe-a-assumer-la-plus-grande-part-du-fardeau_VN-202508210652.html\" title=\"Guerre en Ukraine: J.D. Vance, vice-pr\u00e9sident des \u00c9tats-Unis, appelle l&#039;Europe \u00e0 assumer &quot;la plus grande part du fardeau&quot;\" rel=\"nofollow noopener\" target=\"_blank\"><img width=\"16\" height=\"9\" class=\"lozad\"  alt=\"Guerre en Ukraine: J.D. Vance, vice-pr\u00e9sident des \u00c9tats-Unis, appelle l'Europe \u00e0 assumer &quot;la plus grande part du fardeau&quot;\"\/>1:15Guerre en Ukraine: J.D. Vance, vice-pr\u00e9sident des \u00c9tats-Unis, appelle l&rsquo;Europe \u00e0 assumer \u00ab\u00a0la plus grande part du fardeau\u00a0\u00bb<\/a><a href=\"https:\/\/www.bfmtv.com\/international\/amerique-nord\/etats-unis\/video-le-mur-frontalier-entre-les-etats-unis-et-le-mexique-repeint-en-noir-pour-empecher-les-migrants-de-l-escalader-sur-ordre-de-donald-trump_VN-202508210579.html\" title=\" Le mur frontalier entre les \u00c9tats-Unis et le Mexique repeint en noir pour emp\u00eacher les migrants de l\u2019escalader, sur ordre de Donald Trump \" rel=\"nofollow noopener\" target=\"_blank\"><img width=\"16\" height=\"9\" class=\"lozad\"  alt=\" Le mur frontalier entre les \u00c9tats-Unis et le Mexique repeint en noir pour emp\u00eacher les migrants de l\u2019escalader, sur ordre de Donald Trump \"\/>1:15Le mur frontalier entre les \u00c9tats-Unis et le Mexique repeint en noir pour emp\u00eacher les migrants de l\u2019escalader, sur ordre de Donald Trump<\/a><a href=\"https:\/\/www.bfmtv.com\/economie\/replay-emissions\/bfm-bourse\/video-le-club-commerce-l-accord-usa-ue-finalise-21-08_VN-202508210512.html\" title=\"Le Club : Commerce, l&#039;accord USA\/UE finalis\u00e9 - 21\/08\" rel=\"nofollow noopener\" target=\"_blank\"><img width=\"16\" height=\"9\" class=\"lozad\"  alt=\"Le Club : Commerce, l'accord USA\/UE finalis\u00e9 - 21\/08\"\/>27:21Le Club : Commerce, l&rsquo;accord USA\/UE finalis\u00e9 &#8211; 21\/08<\/a><a href=\"https:\/\/www.bfmtv.com\/international\/amerique-nord\/etats-unis\/video-des-crevettes-potentiellement-radioactives-rappelees-aux-etats-unis_VN-202508210459.html\" title=\" Des crevettes potentiellement radioactives rappel\u00e9es aux \u00c9tats-Unis \" rel=\"nofollow noopener\" target=\"_blank\"><img width=\"16\" height=\"9\" class=\"lozad\"  alt=\" Des crevettes potentiellement radioactives rappel\u00e9es aux \u00c9tats-Unis \"\/>0:49Des crevettes potentiellement radioactives rappel\u00e9es aux \u00c9tats-Unis<\/a><a href=\"https:\/\/www.bfmtv.com\/economie\/video-droits-de-douane-accord-conclu-entre-l-ue-et-les-etats-unis_VN-202508210427.html\" title=\" Droits de douane : accord conclu entre l&#039;UE et les \u00c9tats-Unis \" rel=\"nofollow noopener\" target=\"_blank\"><img width=\"16\" height=\"9\" class=\"lozad\"  alt=\" Droits de douane : accord conclu entre l'UE et les \u00c9tats-Unis \"\/>1:01Droits de douane : accord conclu entre l&rsquo;UE et les \u00c9tats-Unis<\/a><a href=\"https:\/\/www.bfmtv.com\/international\/amerique-nord\/etats-unis\/video-droits-de-douane-americains-l-ue-n-a-pas-reussi-a-obtenir-d-exemption-pour-le-vin_VN-202508210410.html\" title=\"Droits de douane am\u00e9ricains: l&#039;UE &quot;n&#039;a pas r\u00e9ussi&quot; \u00e0 obtenir d&#039;exemption pour le vin\" rel=\"nofollow noopener\" target=\"_blank\"><img width=\"16\" height=\"9\" class=\"lozad\"  alt=\"Droits de douane am\u00e9ricains: l'UE &quot;n'a pas r\u00e9ussi&quot; \u00e0 obtenir d'exemption pour le vin\"\/>1:37Droits de douane am\u00e9ricains: l&rsquo;UE \u00ab\u00a0n&rsquo;a pas r\u00e9ussi\u00a0\u00bb \u00e0 obtenir d&rsquo;exemption pour le vin<\/a><a href=\"https:\/\/www.bfmtv.com\/international\/amerique-nord\/etats-unis\/video-surnomme-le-juge-le-plus-gentil-du-monde-le-magistrat-frank-caprio-est-decede-a-l-age-de-88-ans_VN-202508210366.html\" title=\"Surnomm\u00e9 &quot;le juge le plus gentil du monde&quot;, le magistrat Frank Caprio est d\u00e9c\u00e9d\u00e9 \u00e0 l\u2019\u00e2ge de 88 ans\" rel=\"nofollow noopener\" target=\"_blank\"><img width=\"16\" height=\"9\" class=\"lozad\"  alt=\"Surnomm\u00e9 &quot;le juge le plus gentil du monde&quot;, le magistrat Frank Caprio est d\u00e9c\u00e9d\u00e9 \u00e0 l\u2019\u00e2ge de 88 ans\"\/>1:09Surnomm\u00e9 \u00ab\u00a0le juge le plus gentil du monde\u00a0\u00bb, le magistrat Frank Caprio est d\u00e9c\u00e9d\u00e9 \u00e0 l\u2019\u00e2ge de 88 ans<\/a><a class=\"jumpToVideo\" target=\"_blank\"><img class=\"thumbnailPreview\"\/><\/a><\/p>\n","protected":false},"excerpt":{"rendered":"Guerre en Ukraine: \u00ab\u00a0Zelensky et Poutine, c&rsquo;est comme m\u00e9langer de l&rsquo;huile et du vinaigre\u00a0\u00bb, d\u00e9clare Donald TrumpSur le&hellip;\n","protected":false},"author":2,"featured_media":336431,"comment_status":"","ping_status":"","sticky":false,"template":"","format":"standard","meta":{"footnotes":""},"categories":[1590],"tags":[11,1777,674,12,220],"class_list":{"0":"post-336430","1":"post","2":"type-post","3":"status-publish","4":"format-standard","5":"has-post-thumbnail","7":"category-ukraine","8":"tag-actualites","9":"tag-eu","10":"tag-europe","11":"tag-news","12":"tag-ukraine"},"share_on_mastodon":{"url":"https:\/\/pubeurope.com\/@fr\/115073089771945153","error":""},"_links":{"self":[{"href":"https:\/\/www.europesays.com\/fr\/wp-json\/wp\/v2\/posts\/336430","targetHints":{"allow":["GET"]}}],"collection":[{"href":"https:\/\/www.europesays.com\/fr\/wp-json\/wp\/v2\/posts"}],"about":[{"href":"https:\/\/www.europesays.com\/fr\/wp-json\/wp\/v2\/types\/post"}],"author":[{"embeddable":true,"href":"https:\/\/www.europesays.com\/fr\/wp-json\/wp\/v2\/users\/2"}],"replies":[{"embeddable":true,"href":"https:\/\/www.europesays.com\/fr\/wp-json\/wp\/v2\/comments?post=336430"}],"version-history":[{"count":0,"href":"https:\/\/www.europesays.com\/fr\/wp-json\/wp\/v2\/posts\/336430\/revisions"}],"wp:featuredmedia":[{"embeddable":true,"href":"https:\/\/www.europesays.com\/fr\/wp-json\/wp\/v2\/media\/336431"}],"wp:attachment":[{"href":"https:\/\/www.europesays.com\/fr\/wp-json\/wp\/v2\/media?parent=336430"}],"wp:term":[{"taxonomy":"category","embeddable":true,"href":"https:\/\/www.europesays.com\/fr\/wp-json\/wp\/v2\/categories?post=336430"},{"taxonomy":"post_tag","embeddable":true,"href":"https:\/\/www.europesays.com\/fr\/wp-json\/wp\/v2\/tags?post=336430"}],"curies":[{"name":"wp","href":"https:\/\/api.w.org\/{rel}","templated":true}]}}