{"id":336438,"date":"2025-08-22T15:22:11","date_gmt":"2025-08-22T15:22:11","guid":{"rendered":"https:\/\/www.europesays.com\/fr\/336438\/"},"modified":"2025-08-22T15:22:11","modified_gmt":"2025-08-22T15:22:11","slug":"des-discussions-entre-liran-et-leurope-prevues-mardi-le-temps-presse-affirme-la-france","status":"publish","type":"post","link":"https:\/\/www.europesays.com\/fr\/336438\/","title":{"rendered":"des discussions entre l\u2019Iran et l\u2019Europe pr\u00e9vues mardi, \u00able temps presse\u00bb, affirme la France"},"content":{"rendered":"<p>Le minist\u00e8re iranien des Affaires \u00e9trang\u00e8res a annonc\u00e9 vendredi que de nouvelles discussions sur le programme nucl\u00e9aire de l\u2019Iran se tiendront mardi en pr\u00e9sence de plusieurs pays de l\u2019Union europ\u00e9enne, dont la France.<\/p>\n<p class=\"fig-paragraph\">Vers une avanc\u00e9e dans les n\u00e9gociations sur le\u00a0<a href=\"http:\/\/www.lefigaro.fr\/international\/nucleaire-selon-l-iran-l-europe-n-a-pas-le-droit-de-retablir-des-sanctions-20250820\" target=\"_blank\" data-fig-type=\"NewsFlash\" rel=\"noopener\" data-gtm-custom-categorie=\"navigation\" data-gtm-custom-action=\"crossclick\" data-gtm-custom-label=\"Contextuel\" data-gtm-event=\"customEventSPE\" data-fig-domain=\"LEFIGARO\">nucl\u00e9aire iranien<\/a>\u00a0? Le minist\u00e8re des affaires \u00e9trang\u00e8res de l\u2019Iran a annonc\u00e9 vendredi la tenue d\u2019une r\u00e9union avec\u00a0<a href=\"http:\/\/www.lefigaro.fr\/international\/nucleaire-iranien-l-iran-et-les-europeens-se-retrouvent-ce-vendredi-pour-de-nouveaux-pourparlers-a-istanbul-20250725\" target=\"_blank\" data-fig-type=\"NewsFlash\" rel=\"noopener\" data-gtm-custom-categorie=\"navigation\" data-gtm-custom-action=\"crossclick\" data-gtm-custom-label=\"Contextuel\" data-gtm-event=\"customEventSPE\" data-fig-domain=\"LEFIGARO\">plusieurs pays europ\u00e9ens<\/a>, parmi lesquels la France, le Royaume-Uni ou encore l\u2019Allemagne.<\/p>\n<p class=\"fig-paragraph\">\u00abIl a \u00e9t\u00e9 convenu que les n\u00e9gociations entre l\u2019Iran et les trois pays europ\u00e9ens et l\u2019Union europ\u00e9enne se poursuivraient mardi prochain au niveau des vice-ministres des Affaires \u00e9trang\u00e8res\u00bb, a indiqu\u00e9 le minist\u00e8re dans un communiqu\u00e9 publi\u00e9 \u00e0 l\u2019issue d\u2019un entretien t\u00e9l\u00e9phonique entre le ministre, Abbas Araghchi, et de hauts diplomates europ\u00e9ens.<\/p>\n<p>                                    <a class=\"fig-a11y-skip a11y-hidden\" href=\"#fig-a11y-skip-main-inarticle\"><br \/>\n        Passer la publicit\u00e9<br \/>\n    <\/a><\/p>\n<p class=\"fig-paragraph\">Cette annonce a \u00e9t\u00e9 confirm\u00e9e par le ministre fran\u00e7ais des Affaires \u00e9trang\u00e8res, Jean-No\u00ebl Barrot, qui a affirm\u00e9 sur X que \u00able temps presse\u00bb pour aboutir \u00e0 une solution n\u00e9goci\u00e9e sur le programme nucl\u00e9aire iranien.<\/p>\n<p class=\"fig-paragraph\">Avec David Lammy, Johann Wadephul et Kaja Kallas, \u00abnous venons de passer un appel important \u00e0 notre homologue iranien au sujet du programme nucl\u00e9aire et des\u00a0<a href=\"http:\/\/www.lefigaro.fr\/international\/nucleaire-iranien-berlin-londres-et-paris-prets-a-reimposer-les-sanctions-contre-l-iran-20250813\" target=\"_blank\" data-fig-type=\"NewsFlash\" rel=\"noopener\" data-gtm-custom-categorie=\"navigation\" data-gtm-custom-action=\"crossclick\" data-gtm-custom-label=\"Contextuel\" data-gtm-event=\"customEventSPE\" data-fig-domain=\"LEFIGARO\">sanctions contre l\u2019Iran<\/a> \u00a0que nous nous appr\u00eatons \u00e0 r\u00e9appliquer\u00bb, a expliqu\u00e9 Jean-No\u00ebl Barrot.<\/p>\n<p>Un accord de 2015 non respect\u00e9 par l\u2019Iran, d\u2019apr\u00e8s l\u2019Europe<\/p>\n<p class=\"fig-paragraph\">Les \u00e9missaires europ\u00e9ens avaient renou\u00e9 le dialogue fin juillet avec T\u00e9h\u00e9ran sur son programme nucl\u00e9aire lors d\u2019une r\u00e9union \u00e0 Istanbul. La France, le Royaume-Uni et l\u2019Allemagne se pr\u00e9parent \u00e0 d\u00e9clencher \u00e0 l\u2019automne le m\u00e9canisme de r\u00e9tablissement des sanctions (dit \u00absnapback\u00bb), pr\u00e9vu par l\u2019accord sur le nucl\u00e9aire iranien de 2015, en l\u2019absence de solution n\u00e9goci\u00e9e.<\/p>\n<p class=\"fig-paragraph\">Cet accord, le JCPOA, pr\u00e9voyait d\u2019importantes restrictions au programme nucl\u00e9aire iranien, en \u00e9change d\u2019une lev\u00e9e progressive des sanctions de l\u2019ONU. Les \u00c9tats-Unis se sont retir\u00e9s unilat\u00e9ralement de ce texte en 2018 et ont r\u00e9impos\u00e9 leurs sanctions mais les trois pays europ\u00e9ens &#8211; E3 en langage diplomatique &#8211; avaient assur\u00e9 leur attachement \u00e0 cet accord et leur volont\u00e9 de poursuivre les \u00e9changes commerciaux avec l\u2019Iran.<\/p>\n<p class=\"fig-paragraph\">Ils accusent T\u00e9h\u00e9ran de ne pas avoir respect\u00e9 ses engagements et ont menac\u00e9 de les r\u00e9tablir en vertu d\u2019une clause pr\u00e9vue par l\u2019accord qui expire en octobre, que l\u2019Iran cherche \u00e0 \u00e9viter \u00e0 tout prix. Ils craignent que l\u2019Iran ne poursuive son programme nucl\u00e9aire \u00e0 des fins militaires, ce que les autorit\u00e9s iraniennes r\u00e9futent.<\/p>\n<p>                                    <a class=\"fig-a11y-skip a11y-hidden\" href=\"#fig-a11y-skip-main-inarticle_mtf\"><br \/>\n        Passer la publicit\u00e9<br \/>\n    <\/a><\/p>\n<p class=\"fig-paragraph\">Les Europ\u00e9ens ont propos\u00e9 \u00e0 l\u2019Iran de prolonger l\u2019\u00e9ch\u00e9ance d\u2019octobre pour activer le m\u00e9canisme si l\u2019Iran reprenait les discussions avec Washington et r\u00e9tablissait sa coop\u00e9ration avec l\u2019Agence internationale de l\u2019\u00e9nergie atomique (AIEA). T\u00e9h\u00e9ran affirme de son c\u00f4t\u00e9 travailler avec la Chine et la Russie, autres signataires du JCPOA pour emp\u00eacher le r\u00e9tablissement des sanctions.<\/p>\n","protected":false},"excerpt":{"rendered":"Le minist\u00e8re iranien des Affaires \u00e9trang\u00e8res a annonc\u00e9 vendredi que de nouvelles discussions sur le programme nucl\u00e9aire de&hellip;\n","protected":false},"author":2,"featured_media":336439,"comment_status":"","ping_status":"","sticky":false,"template":"","format":"standard","meta":{"footnotes":""},"categories":[1586],"tags":[11,1777,674,1011,27,3019,12,5654,25,364],"class_list":{"0":"post-336438","1":"post","2":"type-post","3":"status-publish","4":"format-standard","5":"has-post-thumbnail","7":"category-europe","8":"tag-actualites","9":"tag-eu","10":"tag-europe","11":"tag-fr","12":"tag-france","13":"tag-iran","14":"tag-news","15":"tag-nucleaire","16":"tag-republique-francaise","17":"tag-union-europeenne"},"share_on_mastodon":{"url":"https:\/\/pubeurope.com\/@fr\/115073105478142281","error":""},"_links":{"self":[{"href":"https:\/\/www.europesays.com\/fr\/wp-json\/wp\/v2\/posts\/336438","targetHints":{"allow":["GET"]}}],"collection":[{"href":"https:\/\/www.europesays.com\/fr\/wp-json\/wp\/v2\/posts"}],"about":[{"href":"https:\/\/www.europesays.com\/fr\/wp-json\/wp\/v2\/types\/post"}],"author":[{"embeddable":true,"href":"https:\/\/www.europesays.com\/fr\/wp-json\/wp\/v2\/users\/2"}],"replies":[{"embeddable":true,"href":"https:\/\/www.europesays.com\/fr\/wp-json\/wp\/v2\/comments?post=336438"}],"version-history":[{"count":0,"href":"https:\/\/www.europesays.com\/fr\/wp-json\/wp\/v2\/posts\/336438\/revisions"}],"wp:featuredmedia":[{"embeddable":true,"href":"https:\/\/www.europesays.com\/fr\/wp-json\/wp\/v2\/media\/336439"}],"wp:attachment":[{"href":"https:\/\/www.europesays.com\/fr\/wp-json\/wp\/v2\/media?parent=336438"}],"wp:term":[{"taxonomy":"category","embeddable":true,"href":"https:\/\/www.europesays.com\/fr\/wp-json\/wp\/v2\/categories?post=336438"},{"taxonomy":"post_tag","embeddable":true,"href":"https:\/\/www.europesays.com\/fr\/wp-json\/wp\/v2\/tags?post=336438"}],"curies":[{"name":"wp","href":"https:\/\/api.w.org\/{rel}","templated":true}]}}