{"id":336452,"date":"2025-08-22T15:29:11","date_gmt":"2025-08-22T15:29:11","guid":{"rendered":"https:\/\/www.europesays.com\/fr\/336452\/"},"modified":"2025-08-22T15:29:11","modified_gmt":"2025-08-22T15:29:11","slug":"nationale-la-ffr-officialise-rugbyrama-live-comme-diffuseur-du-championnat-de-nationale","status":"publish","type":"post","link":"https:\/\/www.europesays.com\/fr\/336452\/","title":{"rendered":"Nationale \u2013 La FFR officialise RUGBYRAMA LIVE comme diffuseur du championnat de Nationale"},"content":{"rendered":"<p>RUGBYRAMA LIVE diffusera le championnat de Nationale d\u00e8s la saison 2025\/2026<\/p>\n<p>Pour la premi\u00e8re fois, le championnat de Nationale, 3\u00e8me division du rugby fran\u00e7ais, sera diffus\u00e9 en direct, en replay et gratuitement sur RUGBYRAMA LIVE. Un tournant majeur pour la visibilit\u00e9 du rugby amateur, d\u00e9sormais accessible \u00e0 tous. A la suite d\u2019un appel d\u2019offre lanc\u00e9 par la FFR, la plateforme RUGBYRAMA LIVE, projet port\u00e9 par le groupement dont Vivapp est le leader, avec Eventeam, Midi Olympique et le Mag sport, a remport\u00e9 le march\u00e9 de diffusion du championnat de Nationale et diffusera ainsi les rencontres de la saison 2025 \/ 2026. Cette initiative historique permettra \u00e0 tous les passionn\u00e9s de suivre gratuitement les matchs en direct ou en diff\u00e9r\u00e9, avec un acc\u00e8s aux replays disponibles seulement 15 minutes apr\u00e8s le coup de sifflet final.<br \/>Une avanc\u00e9e significative pour un championnat qui b\u00e9n\u00e9ficiera d\u00e9sormais d\u2019une visibilit\u00e9 in\u00e9dite.<\/p>\n<p><strong>Une mont\u00e9e en puissance progressive du dispositif sur la saison pour une exp\u00e9rience r\u00e9ussie<\/strong><\/p>\n<p>La FFR et les \u00e9quipes du diffuseur souhaitent \u00eatre au rendez-vous de cette premi\u00e8re historique pour le monde amateur, c\u2019est pourquoi le projet est men\u00e9 de mani\u00e8re progressive.<\/p>\n<p>M\u00eame si le dispositif se veut agile et ma\u00eetris\u00e9, ce dernier porte 2 enjeux majeurs\u00a0:<br \/>La pr\u00e9sence d\u2019une fibre optique pour chaque terrain de la Nationale avec un r\u00e9seau s\u00fbr et test\u00e9\u00a0;<br \/>Une approche m\u00e9tier sur la mani\u00e8re de r\u00e9aliser, de former les \u00e9quipes mobilis\u00e9es et d\u2019ouvrir une plateforme de streaming rod\u00e9e avec une exp\u00e9rience optimis\u00e9e pour ses utilisateurs.<\/p>\n<p>Ainsi, ce projet comprend plusieurs phases\u00a0:<\/p>\n<p>1. Une phase de test sur les 4 premi\u00e8res journ\u00e9es de championnat avec la retransmission d\u2019une affiche par week-end.<\/p>\n<p>Ainsi, les rencontres suivantes seront diffus\u00e9es sur les Youtube MagSport et Rugbyrama\u00a0:<br \/>J1\u00a0: CS BOURGOIN JALLIEU \u2013 SC ALBI, le samedi\u00a023\/08 \u00e0 19h00<br \/>J2\u00a0: SC ALBI \u2013 RC MASSY ESSONNE, le vendredi\u00a029\/08 \u00e0 19h30<br \/>J3\u00a0: RC MASSY ESSONNE \u2013 RENNES ETUDIANTS CLUB, le vendredi 05\/09 \u00e0 19h00<br \/>J4\u00a0: RC NARBONNAIS \u2013 ROUEN NORMANDIE RUGBY, le samedi\u00a013\/09 \u00e0 19h00<br \/>Une \u00e9valuation sera effectu\u00e9e \u00e0 l\u2019issue de ce premier bloc.<\/p>\n<p>2. Une phase de d\u00e9ploiement \u00e0 partir de la 5\u00e8me journ\u00e9e avec le lancement de la plateforme et une mont\u00e9e progressive du dispositif.<\/p>\n<p>L\u2019objectif final \u00e9tant de produire les rencontres sur l\u2019ensemble des stades d\u2019ici la fin de l\u2019ann\u00e9e civile.<\/p>\n<p><strong>Une couverture in\u00e9dite, gratuite et ouverte \u00e0 tous<\/strong><\/p>\n<p>Une fois le dispositif complet d\u00e9ploy\u00e9 dans tous les stades, deux formats ont \u00e9t\u00e9 imagin\u00e9s pour la diffusion\u00a0: Un format Gold, propos\u00e9 pour un match phare par journ\u00e9e, avec une production compl\u00e8te sur site incluant 4 cam\u00e9ras op\u00e9r\u00e9es, un poste commentateurs, et des ralentis int\u00e9gr\u00e9s.<br \/>Un format Silver, utilis\u00e9 pour les autres rencontres, reposant sur une captation autonome m\u00ealant cam\u00e9ra automatique, cam\u00e9ra mobile, r\u00e9alisation \u00e0 distance, habillage TV complet, poste commentateurs et supervision distante. Ces dispositifs permettront de valoriser au mieux la comp\u00e9tition tout en garantissant une couverture compl\u00e8te.<br \/>Pour accompagner cette diffusion int\u00e9grale, RUGBYRAMA LIVE proposera chaque semaine une \u00e9mission exclusive, \u00ab\u00a0Le Mag de la Nationale\u00a0\u00bb. D\u00e9cryptages, r\u00e9sum\u00e9s, analyses et reportages permettront de plonger au c\u0153ur des clubs, de suivre l\u2019\u00e9volution du classement et de mettre en lumi\u00e8re les hommes et les histoires qui font vibrer les terrains de Nationale.<\/p>\n<p><strong>La Nationale, un championnat engag\u00e9<\/strong><\/p>\n<p>Le championnat de Nationale repr\u00e9sente la plus haute division du rugby amateur en France. Regroupant une poule unique de 14 clubs passionn\u00e9s et engag\u00e9s, cette comp\u00e9tition se joue sur une saison r\u00e9guli\u00e8re avec des phases finales palpitantes, offrant une v\u00e9ritable vitrine du rugby de territoire, de ses valeurs et de son intensit\u00e9. Le championnat joue \u00e9galement un r\u00f4le cl\u00e9 dans la transition des clubs vers le monde professionnel, avec des enjeux de mont\u00e9e en Pro D2.<\/p>\n<p>Olivier POULIGNY, Vice-Pr\u00e9sident en charge relation LNR et divisions Nationales et F\u00e9d\u00e9rale 1\u00a0: \u00ab\u00a0La diffusion de la Nationale est une v\u00e9ritable mise en lumi\u00e8re qui va permettre aux clubs de fid\u00e9liser et conqu\u00e9rir leurs partenaires, d\u2019offrir \u00e0 leurs supporters la possibilit\u00e9 de suivre tous les matches de leur \u00e9quipe mais aussi de la division chaque semaine. Le magazine permettra de cr\u00e9er une intimit\u00e9 avec cette division anti-chambre de la PROD2. La concr\u00e9tisation de ce partenariat est le fruit d\u2019un travail et r\u00e9flexion depuis plus d\u2019un an par les services comp\u00e9tition, juridique et marketing de la FFR en \u00e9troite relation avec les clubs de Nationale.\u00a0\u00bb<\/p>\n<p>Xabi ETCHEVERRY, Vice-Pr\u00e9sident en charge des comp\u00e9titions\u00a0: \u00ab\u00a0La diffusion progressive du Championnat de Nationale \u00e0 compter de cette prochaine constitue une \u00e9tape importante pour le d\u00e9veloppement et la reconnaissance du rugby amateur. Ce rugby de territoire, d\u2019engagement et de passion m\u00e9rite toute la visibilit\u00e9 qui lui sera accord\u00e9e. Nous nous r\u00e9jouissons de cette avanc\u00e9e, qui vient renforcer le lien entre les clubs, leurs supporters et l\u2019ensemble des acteurs du rugby fran\u00e7ais. Elle t\u00e9moigne de notre volont\u00e9 commune de valoriser l\u2019ensemble des \u00e9chelons de notre sport.\u00a0\u00bb<\/p>\n","protected":false},"excerpt":{"rendered":"RUGBYRAMA LIVE diffusera le championnat de Nationale d\u00e8s la saison 2025\/2026 Pour la premi\u00e8re fois, le championnat de&hellip;\n","protected":false},"author":2,"featured_media":336453,"comment_status":"","ping_status":"","sticky":false,"template":"","format":"standard","meta":{"footnotes":""},"categories":[1416],"tags":[1011,27,479,1468,60],"class_list":{"0":"post-336452","1":"post","2":"type-post","3":"status-publish","4":"format-standard","5":"has-post-thumbnail","7":"category-rugby","8":"tag-fr","9":"tag-france","10":"tag-rugby","11":"tag-rugby-football","12":"tag-sports"},"share_on_mastodon":{"url":"https:\/\/pubeurope.com\/@fr\/115073133001082152","error":""},"_links":{"self":[{"href":"https:\/\/www.europesays.com\/fr\/wp-json\/wp\/v2\/posts\/336452","targetHints":{"allow":["GET"]}}],"collection":[{"href":"https:\/\/www.europesays.com\/fr\/wp-json\/wp\/v2\/posts"}],"about":[{"href":"https:\/\/www.europesays.com\/fr\/wp-json\/wp\/v2\/types\/post"}],"author":[{"embeddable":true,"href":"https:\/\/www.europesays.com\/fr\/wp-json\/wp\/v2\/users\/2"}],"replies":[{"embeddable":true,"href":"https:\/\/www.europesays.com\/fr\/wp-json\/wp\/v2\/comments?post=336452"}],"version-history":[{"count":0,"href":"https:\/\/www.europesays.com\/fr\/wp-json\/wp\/v2\/posts\/336452\/revisions"}],"wp:featuredmedia":[{"embeddable":true,"href":"https:\/\/www.europesays.com\/fr\/wp-json\/wp\/v2\/media\/336453"}],"wp:attachment":[{"href":"https:\/\/www.europesays.com\/fr\/wp-json\/wp\/v2\/media?parent=336452"}],"wp:term":[{"taxonomy":"category","embeddable":true,"href":"https:\/\/www.europesays.com\/fr\/wp-json\/wp\/v2\/categories?post=336452"},{"taxonomy":"post_tag","embeddable":true,"href":"https:\/\/www.europesays.com\/fr\/wp-json\/wp\/v2\/tags?post=336452"}],"curies":[{"name":"wp","href":"https:\/\/api.w.org\/{rel}","templated":true}]}}