{"id":336455,"date":"2025-08-22T15:32:10","date_gmt":"2025-08-22T15:32:10","guid":{"rendered":"https:\/\/www.europesays.com\/fr\/336455\/"},"modified":"2025-08-22T15:32:10","modified_gmt":"2025-08-22T15:32:10","slug":"motogp-zarco-est-il-defavorise-par-honda-la-reponse-exclue-claire-et-nette-de-lucio-cecchinello","status":"publish","type":"post","link":"https:\/\/www.europesays.com\/fr\/336455\/","title":{"rendered":"MotoGP Zarco est-il d\u00e9favoris\u00e9 par Honda ? La r\u00e9ponse (exclue) claire et nette de Lucio Cecchinello !"},"content":{"rendered":"<p>Depuis la rentr\u00e9e, Johann Zarco traverse une p\u00e9riode difficile, entre chutes et manque de performance. Si bien que, ici et l\u00e0, des bruits de couloir \u00e9voquent une moto moins \u00e9volu\u00e9e que celle du Team officiel. Alors qu\u2019en est-il vraiment, dans les faits ? Et bien nous avons pos\u00e9 la question, directement, \u00e0 Lucio Cecchinello, le patron de LCR. Un \u00e9change qui a eu lieu au t\u00e9l\u00e9phone.<\/p>\n<p>MotoGP : LCR tr\u00e8s claire, la moto de Johann \u201c200%\u201d identique \u00e0 celle des pilotes officiels<\/p>\n<p>LMSA : Lucio, nous entendons ici et l\u00e0 que les Honda officielles et celle de Johann Zarco ne seraient pas identiques. Peut-on expliquer l\u2019\u00e9cart entre lui et Joan Mir\/Luca Marini de cette mani\u00e8re ? La moto de Johann est-elle la m\u00eame que celle des pilotes officiels ? \u201d<\/p>\n<p>\u201cA 200%, elles sont identiques\u201c, a r\u00e9pondu Lucio, sans d\u00e9tour.<\/p>\n<p>Alors, comment expliquer cette situation ? Lucio Cecchinello nous explique que \u201cLuca Marini et Joan Mir sont tr\u00e8s forts sur les freinages [le Balton Park \u00e9tant un trac\u00e9 de type freinage\/acc\u00e9l\u00e9ration]\u201c. Tandis que Johann Zarco, est tr\u00e8s fort en sortie de courbe\u201d, confirme l\u2019Italien. \u201cNous savions que l\u2019Autriche et la Hongrie serait difficiles pour nous\u201c, poursuit Lucio. \u201cMais je peux te garantir qu\u2019\u00e0 Barcelone, ce sera tr\u00e8s diff\u00e9rent\u201c, ajoute Cecchinello, certain du retour au sommet de son pilote, lors de la prochaine \u00e9preuve.<\/p>\n<p>En outre, au cours de notre \u00e9change, le patron de LCR a \u00e9galement \u00e9voqu\u00e9 la facette des r\u00e9glages, potentiellement tr\u00e8s diff\u00e9rents entre la machine de JZ5 et celles de Mir et Marini. Pr\u00e9cis\u00e9ment, du fait de cette sp\u00e9cificit\u00e9, en termes de pilotage, qui donne un avantage \u00e0 Johann en sortie de courbe. Si bien que le set-up, chez LCR, a \u00e9t\u00e9 calqu\u00e9 sur cette caract\u00e9ristique. D\u2019o\u00f9, peut-\u00eatre, un retour de b\u00e2ton plus violent sur des circuits ne correspondant pas \u00e0 Zarco.<\/p>\n<p>Enfin, Lucio Cecchinello nous a aussi r\u00e9v\u00e9l\u00e9 qu\u2019il \u00e9tait envisag\u00e9 de revenir \u00e0 \u201cd\u2019anciens r\u00e9glages\u201c, le Fran\u00e7ais ayant peut-\u00eatre orient\u00e9 son \u00e9quipe dans une direction trop extr\u00eame, ne correspondant pas \u00e0 des pistes comme celles du Red Bull Ring ou de Balaton Park. En attendant la Catalogne, circuit qui sera plus \u201cnaturellement\u201d favorable au num\u00e9ro 5. Une question de juste \u00e9quilibre, en somme, qui reste \u00e0 trouver.<\/p>\n<p>Merci \u00e0 Lucio Cecchinello de nous avoir \u00e9clair\u00e9 sur le sujet, tout en mettant fin \u00e0 des rumeurs non fond\u00e9es.<\/p>\n<p>Pour m\u00e9moire, Johann Zarco s\u2019est class\u00e9 vingti\u00e8me des Essais du Grand-Prix de Hongrie de MotoGP, apr\u00e8s une chute survenue en fin de s\u00e9ance. Il devra donc passer par la Q1, demain, pour tenter de se qualifier pour la deuxi\u00e8me phase des qualifications.<\/p>\n<blockquote class=\"twitter-tweet\">\n<p dir=\"ltr\" lang=\"en\">P20 for Johann in MotoGP Practice <a href=\"https:\/\/twitter.com\/hashtag\/HungarianGP?src=hash&amp;ref_src=twsrc%5Etfw\" target=\"_blank\" rel=\"noopener nofollow\">#HungarianGP<\/a> <a href=\"https:\/\/t.co\/kwuwflK3R6\" rel=\"nofollow\">pic.twitter.com\/kwuwflK3R6<\/a><\/p>\n<p>\u2014 LCR Team (@lcr_team) <a href=\"https:\/\/twitter.com\/lcr_team\/status\/1958899463180660780?ref_src=twsrc%5Etfw\" target=\"_blank\" rel=\"noopener nofollow\">August 22, 2025<\/a><\/p>\n<\/blockquote>\n<p>Article publi\u00e9 le 22\/08\/2025 \u00e0 17h14<\/p>\n<p>                                                            <script async src=\"https:\/\/platform.twitter.com\/widgets.js\" charset=\"utf-8\"><\/script><\/p>\n","protected":false},"excerpt":{"rendered":"Depuis la rentr\u00e9e, Johann Zarco traverse une p\u00e9riode difficile, entre chutes et manque de performance. Si bien que,&hellip;\n","protected":false},"author":2,"featured_media":336456,"comment_status":"","ping_status":"","sticky":false,"template":"","format":"standard","meta":{"footnotes":""},"categories":[1413],"tags":[1011,27,1741,1457,1456,1458,60],"class_list":{"0":"post-336455","1":"post","2":"type-post","3":"status-publish","4":"format-standard","5":"has-post-thumbnail","7":"category-moto","8":"tag-fr","9":"tag-france","10":"tag-johann-zarco","11":"tag-moto","12":"tag-motocycle","13":"tag-motogp","14":"tag-sports"},"share_on_mastodon":{"url":"https:\/\/pubeurope.com\/@fr\/115073144808585762","error":""},"_links":{"self":[{"href":"https:\/\/www.europesays.com\/fr\/wp-json\/wp\/v2\/posts\/336455","targetHints":{"allow":["GET"]}}],"collection":[{"href":"https:\/\/www.europesays.com\/fr\/wp-json\/wp\/v2\/posts"}],"about":[{"href":"https:\/\/www.europesays.com\/fr\/wp-json\/wp\/v2\/types\/post"}],"author":[{"embeddable":true,"href":"https:\/\/www.europesays.com\/fr\/wp-json\/wp\/v2\/users\/2"}],"replies":[{"embeddable":true,"href":"https:\/\/www.europesays.com\/fr\/wp-json\/wp\/v2\/comments?post=336455"}],"version-history":[{"count":0,"href":"https:\/\/www.europesays.com\/fr\/wp-json\/wp\/v2\/posts\/336455\/revisions"}],"wp:featuredmedia":[{"embeddable":true,"href":"https:\/\/www.europesays.com\/fr\/wp-json\/wp\/v2\/media\/336456"}],"wp:attachment":[{"href":"https:\/\/www.europesays.com\/fr\/wp-json\/wp\/v2\/media?parent=336455"}],"wp:term":[{"taxonomy":"category","embeddable":true,"href":"https:\/\/www.europesays.com\/fr\/wp-json\/wp\/v2\/categories?post=336455"},{"taxonomy":"post_tag","embeddable":true,"href":"https:\/\/www.europesays.com\/fr\/wp-json\/wp\/v2\/tags?post=336455"}],"curies":[{"name":"wp","href":"https:\/\/api.w.org\/{rel}","templated":true}]}}