{"id":336457,"date":"2025-08-22T15:33:14","date_gmt":"2025-08-22T15:33:14","guid":{"rendered":"https:\/\/www.europesays.com\/fr\/336457\/"},"modified":"2025-08-22T15:33:14","modified_gmt":"2025-08-22T15:33:14","slug":"pedro-acosta-remporte-les-essais-qualificatifs-en-hongrie","status":"publish","type":"post","link":"https:\/\/www.europesays.com\/fr\/336457\/","title":{"rendered":"Pedro Acosta remporte les essais qualificatifs en Hongrie"},"content":{"rendered":"<p>Pilote espagnol, Pedro Acosta a remport\u00e9 les essais libres en Hongrie. Dans le dur, Quartararo termine, lui, \u00e0 la dixi\u00e8me place.<\/p>\n<p class=\"fig-paragraph\">L&rsquo;Espagnol\u00a0<a href=\"http:\/\/www.lefigaro.fr\/sports\/moto\/motogp-pedro-acosta-signe-une-retentissante-pole-position-au-japon-20241005\" data-fig-type=\"NewsFlash\" data-gtm-custom-categorie=\"navigation\" data-gtm-custom-action=\"crossclick\" data-gtm-custom-label=\"Contextuel\" data-gtm-event=\"customEventSPE\" data-fig-domain=\"LEFIGARO\" rel=\"nofollow noopener\" target=\"_blank\">Pedro Acosta<\/a>\u00a0(KTM) a r\u00e9alis\u00e9 vendredi le meilleur chrono des essais qualificatifs du Grand Prix de Hongrie de<a href=\"http:\/\/www.lefigaro.fr\/sports\/moto\/motogp-espargaro-finalement-forfait-zarco-a-nouveau-sans-coequipier-en-hongrie-20250822\" data-fig-type=\"NewsFlash\" data-gtm-custom-categorie=\"navigation\" data-gtm-custom-action=\"crossclick\" data-gtm-custom-label=\"Contextuel\" data-gtm-event=\"customEventSPE\" data-fig-domain=\"LEFIGARO\" rel=\"nofollow noopener\" target=\"_blank\">\u00a0MotoGP<\/a>\u00a0juste devant son compatriote Marc Marquez (Ducati), alors que le Fran\u00e7ais Fabio Quartararo (Yamaha) a arrach\u00e9 sa place dans le Top 10.<\/p>\n<p class=\"fig-paragraph\">Un Espagnol peut en cacher un autre\u00a0! Alors que l&rsquo;on attendait l&rsquo;exp\u00e9riment\u00e9 sextuple champion du monde (32 ans), en \u00e9tat de gr\u00e2ce depuis plus de deux mois avec six week-ends parfaits (victoires en sprint et lors du GP) cons\u00e9cutifs, c&rsquo;est le prometteur Murcien (21 ans) qui a termin\u00e9 en t\u00eate de la feuille des temps vendredi. Au terme du premier jour de roulage sur le trac\u00e9 flambant neuf du Balaton Park, situ\u00e9 pr\u00e8s du Lac Balaton, lieu de vill\u00e9giature favori des Hongrois situ\u00e9 \u00e0 une centaine de kilom\u00e8tres de la capitale, Budapest, Acosta a devanc\u00e9 Marc Marquez de seulement six milli\u00e8mes de secondes.<\/p>\n<p>                                    <a class=\"fig-a11y-skip a11y-hidden\" href=\"#fig-a11y-skip-main-inarticle\"><br \/>\n        Passer la publicit\u00e9<br \/>\n    <\/a><\/p>\n<p class=\"fig-paragraph\">Le champion du monde 2023 de Moto2 s&rsquo;est ensuite fait peur en chutant lourdement alors qu&rsquo;il se trouvait dans la roue de Marquez: il a perdu l&rsquo;arri\u00e8re dans un virage et a \u00e9t\u00e9 \u00e9ject\u00e9 de sa moto, passant par-dessus le guidon (high-side). Heureusement, le pilote KTM n&rsquo;allait pas trop vite et a pu se relever sans encombres.<\/p>\n<p>Quartararo compl\u00e8te le top 10<\/p>\n<p class=\"fig-paragraph\">Malgr\u00e9 une derni\u00e8re tentative, le Catalan, qui avait domin\u00e9 la premi\u00e8re s\u00e9ance d&rsquo;essais libres en fin de matin\u00e9e, a d\u00fb se contenter de la deuxi\u00e8me place mais restera le favori des qualifications samedi matin. Son fr\u00e8re cadet et dauphin au classement du championnat, Alex Marquez (Ducati-Gresini), a pris la troisi\u00e8me place, devant son jeune compatriote et co\u00e9quipier Fermin Aldeguer.<\/p>\n<p class=\"fig-paragraph\">Les Italiens Enea Bastianini (KTM-Tech3) et Franco Morbidelli (Ducati-VR46) pointent aux cinqui\u00e8me et sixi\u00e8me rangs, devant les Espagnols Joan Mir (Honda) et Pol Espargaro (KTM-Tech3), qui remplace son compatriote bless\u00e9 Maverick Vinales.<\/p>\n<p class=\"fig-paragraph\">Le Top 10 est compl\u00e9t\u00e9 par l&rsquo;Italien Luca Marini (Honda) et Quartararo, qui a d\u00e9croch\u00e9 in extremis sa place pour la Q2, la deuxi\u00e8me partie des qualifications qui d\u00e9termine les 12 premi\u00e8res places sur la grille de d\u00e9part. Le Ni\u00e7ois, pourtant en grandes difficult\u00e9s depuis le d\u00e9but de la journ\u00e9e, a r\u00e9alis\u00e9 son meilleur chrono en toute fin de s\u00e9ance et a devanc\u00e9 l&rsquo;Espagnol Jorge Martin (Aprilia) de seulement un milli\u00e8me de seconde.<\/p>\n<p class=\"fig-paragraph\">La Q1, qui d\u00e9livre deux tickets pour la Q2, sera tr\u00e8s relev\u00e9e puisque le champion du monde en titre devra notamment affronter les Italiens Francesco Bagnaia (Ducati), Marco Bezzecchi (Aprilia) et Fabio Di Giannantonio (Ducati-VR46). L&rsquo;autre Fran\u00e7ais, Johann Zarco (Honda-LCR), qui a chut\u00e9 lors de son dernier tour rapide, a pris la 20e et avant-derni\u00e8re place vendredi et aura fort \u00e0 faire samedi matin pour arracher sa place en Q2.<\/p>\n<p>                                    <a class=\"fig-a11y-skip a11y-hidden\" href=\"#fig-a11y-skip-main-inarticle_mtf\"><br \/>\n        Passer la publicit\u00e9<br \/>\n    <\/a><\/p>\n<p>. Essais qualificatifs<\/p>\n<p class=\"fig-paragraph\">1. Pedro Acosta (ESP\/KTM) 1:37.061 (Q)<\/p>\n<p class=\"fig-paragraph\">2. Marc Marquez (ESP\/Ducati) \u00e0 0.006 (Q)<\/p>\n<p class=\"fig-paragraph\">3. Alex Marquez (ESP\/Ducati-Gresini) 0.281 (Q)<\/p>\n<p class=\"fig-paragraph\">4. Ferm\u00edn Aldeguer (ESP\/Ducati-Gresini) 0.314 (Q)<\/p>\n<p class=\"fig-paragraph\">5. Enea Bastianini (ITA\/KTM-Tech3) 0.354 (Q)<\/p>\n<p>                                    <a class=\"fig-a11y-skip a11y-hidden\" href=\"#fig-a11y-skip-main-inarticle_btf\"><br \/>\n        Passer la publicit\u00e9<br \/>\n    <\/a><\/p>\n<p class=\"fig-paragraph\">6. Franco Morbidelli (ITA\/Ducati-VR46) 0.368 (Q)<\/p>\n<p class=\"fig-paragraph\">7. Joan Mir (ESP\/Honda) 0.385 (Q)<\/p>\n<p class=\"fig-paragraph\">8. Pol Espargar\u00f3 (ESP\/KTM-Tech3) 0.483 (Q)<\/p>\n<p class=\"fig-paragraph\">9. Luca Marini (ITA\/Honda) 0.527 (Q)<\/p>\n<p class=\"fig-paragraph\">10. Fabio Quartararo (FRA\/Yamaha) 0.610 (Q)<\/p>\n<p class=\"fig-paragraph\">11. Jorge Mart\u00edn (ESP\/Aprilia) 0.611<\/p>\n<p class=\"fig-paragraph\">12. Marco Bezzecchi (ITA\/Aprilia) 0.693<\/p>\n<p class=\"fig-paragraph\">13. Fabio Di Giannantonio (ITA\/Ducati-VR46) 0.724<\/p>\n<p class=\"fig-paragraph\">14. Francesco Bagnaia (ITA\/Ducati) 0.728<\/p>\n<p class=\"fig-paragraph\">15. Brad Binder (RSA\/KTM) 0.815<\/p>\n<p class=\"fig-paragraph\">16. Ai Ogura (JPN\/Aprilia-Trackhouse) 0.952<\/p>\n<p class=\"fig-paragraph\">17. Jack Miller (AUS\/Yamaha-Pramac) 0.961<\/p>\n<p class=\"fig-paragraph\">18. Miguel Oliveira (POR\/Yamaha-Pramac) 1.011<\/p>\n<p class=\"fig-paragraph\">19. Raul Fernandez (ESP\/Aprilia-Trackhouse) 1.181<\/p>\n<p class=\"fig-paragraph\">20. Johann Zarco (FRA\/Honda-LCR) 1.227<\/p>\n<p class=\"fig-paragraph\">21. Alex Rins (ESP\/Yamaha) 1.318<\/p>\n","protected":false},"excerpt":{"rendered":"Pilote espagnol, Pedro Acosta a remport\u00e9 les essais libres en Hongrie. Dans le dur, Quartararo termine, lui, \u00e0&hellip;\n","protected":false},"author":2,"featured_media":336458,"comment_status":"","ping_status":"","sticky":false,"template":"","format":"standard","meta":{"footnotes":""},"categories":[1412],"tags":[1451,1680,1452,1453,1454,1455,1011,27,6033,60],"class_list":{"0":"post-336457","1":"post","2":"type-post","3":"status-publish","4":"format-standard","5":"has-post-thumbnail","7":"category-f1","8":"tag-f1","9":"tag-fabio-quartararo","10":"tag-formula-1","11":"tag-formula1","12":"tag-formule-1","13":"tag-formule1","14":"tag-fr","15":"tag-france","16":"tag-moto-gp","17":"tag-sports"},"share_on_mastodon":{"url":"https:\/\/pubeurope.com\/@fr\/115073148738721744","error":""},"_links":{"self":[{"href":"https:\/\/www.europesays.com\/fr\/wp-json\/wp\/v2\/posts\/336457","targetHints":{"allow":["GET"]}}],"collection":[{"href":"https:\/\/www.europesays.com\/fr\/wp-json\/wp\/v2\/posts"}],"about":[{"href":"https:\/\/www.europesays.com\/fr\/wp-json\/wp\/v2\/types\/post"}],"author":[{"embeddable":true,"href":"https:\/\/www.europesays.com\/fr\/wp-json\/wp\/v2\/users\/2"}],"replies":[{"embeddable":true,"href":"https:\/\/www.europesays.com\/fr\/wp-json\/wp\/v2\/comments?post=336457"}],"version-history":[{"count":0,"href":"https:\/\/www.europesays.com\/fr\/wp-json\/wp\/v2\/posts\/336457\/revisions"}],"wp:featuredmedia":[{"embeddable":true,"href":"https:\/\/www.europesays.com\/fr\/wp-json\/wp\/v2\/media\/336458"}],"wp:attachment":[{"href":"https:\/\/www.europesays.com\/fr\/wp-json\/wp\/v2\/media?parent=336457"}],"wp:term":[{"taxonomy":"category","embeddable":true,"href":"https:\/\/www.europesays.com\/fr\/wp-json\/wp\/v2\/categories?post=336457"},{"taxonomy":"post_tag","embeddable":true,"href":"https:\/\/www.europesays.com\/fr\/wp-json\/wp\/v2\/tags?post=336457"}],"curies":[{"name":"wp","href":"https:\/\/api.w.org\/{rel}","templated":true}]}}